{"id":140867,"date":"2026-09-02T10:23:50","date_gmt":"2026-09-02T07:23:50","guid":{"rendered":"https:\/\/realitatearutiera.ro\/?p=140867"},"modified":"2026-09-02T10:23:53","modified_gmt":"2026-09-02T07:23:53","slug":"o-fata-de-14-ani-a-fost-lovita-de-un-taxi-in-valcea-a-fost-proiectata-la-cativa-metri","status":"publish","type":"post","link":"https:\/\/realitatearutiera.ro\/?p=140867","title":{"rendered":"O fat\u0103 de 14 ani a fost lovit\u0103 de un taxi \u00een V\u00e2lcea. A fost proiectat\u0103 la c\u00e2\u021biva metri"},"content":{"rendered":"\n<p>Accident extrem de grav pe un bulevard din R\u00e2mnicu V\u00e2lcea.&nbsp;O adolescent\u0103 de 14 ani a fost pur \u015fi simplu spulberat\u0103 pe trecerea de pietoni de un taxi.<\/p>\n\n\n\n<p>Fata traversa strada regulamentar, iar impactul a fost extrem de violent. Victima a fost aruncat\u0103 la c\u00e2\u0163iva metri distan\u0163\u0103 \u015fi doar o minune a f\u0103cut s\u0103 scape cu via\u0163\u0103.<\/p>\n\n\n\n<p>Medicii ajun\u015fi la locul accidentului i-au acordat primul ajutor \u015fi au transportat-o de urgen\u0163\u0103 la spital, dup\u0103 ce adolescenta le-a spus c\u0103 nu \u00ee\u015fi mai simte picioarele.<\/p>\n\n\n\n<p>Taximetristul a fost testat pentru alcool, dar rezultatul a fost negativ. Poli\u0163i\u015ftii au deschis un dosar penal.<\/p>\n\n\n\n<p>Video <a href=\"https:\/\/observatornews.ro\/eveniment\/fata-de-14-ani-spulberata-de-un-taxi-in-valcea-victima-a-fost-aruncata-la-cativa-metri-distanta-664934.html\">aici<\/a><\/p>\n\n\n\n<p>Sursa: observatornews<\/p>\n\n\n\n<p><\/p>\n","protected":false},"excerpt":{"rendered":"<p>Accident extrem de grav pe un bulevard din R\u00e2mnicu V\u00e2lcea.&nbsp;O adolescent\u0103 de 14 ani a fost pur \u015fi simplu spulberat\u0103<\/p>\n","protected":false},"author":1,"featured_media":116298,"comment_status":"open","ping_status":"closed","sticky":false,"template":"","format":"standard","meta":{"spay_email":"","footnotes":"","jetpack_publicize_message":""},"categories":[1],"tags":[],"class_list":["post-140867","post","type-post","status-publish","format-standard","has-post-thumbnail","hentry","category-uncategorized"],"jetpack_featured_media_url":"https:\/\/i1.wp.com\/realitatearutiera.ro\/wp-content\/uploads\/2024\/09\/semn-accident-850x560-1.jpg?fit=850%2C560&ssl=1","jetpack_publicize_connections":[],"jetpack_sharing_enabled":true,"jetpack_shortlink":"https:\/\/wp.me\/p61naM-AE3","jetpack-related-posts":[],"_links":{"self":[{"href":"https:\/\/realitatearutiera.ro\/index.php?rest_route=\/wp\/v2\/posts\/140867","targetHints":{"allow":["GET"]}}],"collection":[{"href":"https:\/\/realitatearutiera.ro\/index.php?rest_route=\/wp\/v2\/posts"}],"about":[{"href":"https:\/\/realitatearutiera.ro\/index.php?rest_route=\/wp\/v2\/types\/post"}],"author":[{"embeddable":true,"href":"https:\/\/realitatearutiera.ro\/index.php?rest_route=\/wp\/v2\/users\/1"}],"replies":[{"embeddable":true,"href":"https:\/\/realitatearutiera.ro\/index.php?rest_route=%2Fwp%2Fv2%2Fcomments&post=140867"}],"version-history":[{"count":1,"href":"https:\/\/realitatearutiera.ro\/index.php?rest_route=\/wp\/v2\/posts\/140867\/revisions"}],"predecessor-version":[{"id":140868,"href":"https:\/\/realitatearutiera.ro\/index.php?rest_route=\/wp\/v2\/posts\/140867\/revisions\/140868"}],"wp:featuredmedia":[{"embeddable":true,"href":"https:\/\/realitatearutiera.ro\/index.php?rest_route=\/wp\/v2\/media\/116298"}],"wp:attachment":[{"href":"https:\/\/realitatearutiera.ro\/index.php?rest_route=%2Fwp%2Fv2%2Fmedia&parent=140867"}],"wp:term":[{"taxonomy":"category","embeddable":true,"href":"https:\/\/realitatearutiera.ro\/index.php?rest_route=%2Fwp%2Fv2%2Fcategories&post=140867"},{"taxonomy":"post_tag","embeddable":true,"href":"https:\/\/realitatearutiera.ro\/index.php?rest_route=%2Fwp%2Fv2%2Ftags&post=140867"}],"curies":[{"name":"wp","href":"https:\/\/api.w.org\/{rel}","templated":true}]}}