{"id":140869,"date":"2026-09-02T10:29:16","date_gmt":"2026-09-02T07:29:16","guid":{"rendered":"https:\/\/realitatearutiera.ro\/?p=140869"},"modified":"2026-09-02T10:29:18","modified_gmt":"2026-09-02T07:29:18","slug":"accident-mortal-in-mehedinti-un-motociclist-bulgar-a-fost-proiectat-peste-gard-in-curtea-unei-familii","status":"publish","type":"post","link":"https:\/\/realitatearutiera.ro\/?p=140869","title":{"rendered":"Accident mortal \u00een Mehedin\u021bi: un motociclist bulgar a fost proiectat peste gard, \u00een curtea unei familii"},"content":{"rendered":"\n<p>Curs\u0103 mortal\u0103 \u00een jude\u0163ul Mehedin\u0163i! Un motociclist bulgar, \u00een v\u00e2rst\u0103 de 41 de ani, a murit dup\u0103 un impact devastator. B\u0103rbatul a fost proiectat \u00eentr-o curte, direct peste gard, \u00een urma unei coliziuni cu o ma\u015fin\u0103. \u00cen ciuda eforturilor medicilor, acesta nu a mai putut fi salvat.&nbsp;Proprietarul locuin\u0163ei se afla pe teras\u0103 \u00een momentul tragediei, iar \u015focul a fost at\u00e2t de mare \u00eenc\u00e2t nu a \u015ftiu cum s\u0103 reac\u0163ioneze.<\/p>\n\n\n\n<p>Ora 14:49. O camer\u0103 de supraveghere surprinde exact momentul impactului. \u00cen imagini se observ\u0103 cum un \u015fofer iese \u00een drumul principal f\u0103r\u0103 se asigure \u015fi s\u0103 acorde prioritate. Motociclistul circul\u0103 cu vitez\u0103 \u015fi nu mai are timp de reac\u0163ie, iar dezastrul este inevitabil. Impactul este at\u00e2t de puternic \u00eenc\u00e2t motociclistul este aruncat zeci de metri peste un gard. Cade inert \u00een curtea un familii. Proprietarul se afla pe teras\u0103, iar primul instinct pe care \u00eel are este s\u0103 fug\u0103 din calea pericolului.<\/p>\n\n\n\n<p><em>&#8220;O&nbsp;pocnitur\u0103&nbsp;\u015fi a intrat&nbsp;prin curte.&nbsp;Motoreta a intrat \u00een curte \u015fi motociclistul la 150 de metri.&#8221;<\/em><\/p>\n\n\n\n<p><em>&#8220;A&nbsp;trecut prin gardul de ciment direct \u00een partea aia acolo. Puteam s\u0103 fim noi,&nbsp;avem \u015fi noi nepo\u0163ei,&nbsp;puteau s\u0103 fie nepo\u0163ii prin curte..&#8221;<\/em>, povestesc proprietarii.&nbsp;<\/p>\n\n\n\n<p>Impactul a fost devastator.<\/p>\n\n\n\n<p><em>&#8220;Pe DN 56 A, \u00een localitatea V\u00e2nju Mare, a avut loc un accident rutier \u00een care au fost implicate un autoturism \u015fi o motociclet\u0103, iar \u00een urma impactului a rezultat decesul conduc\u0103torului motocicletei&#8221;<\/em>, spune&nbsp;<strong>SCMS C\u0103t\u0103lin Diaconu<\/strong>, Serviciul Rutier Mehedin\u021bi.<\/p>\n\n\n\n<p><em>&#8220;C\u00e2nd am ajuns pacientul era \u00een stop cardio respirator. Din p\u0103cate leziuni incompatibile cu via\u0163a&#8221;<\/em>, a declarat&nbsp;<strong>Mihaela Petchescu<\/strong>,&nbsp;medic SAJ Mehedin\u021bi.<\/p>\n\n\n\n<p>Poli\u0163i\u015ftii&nbsp;au deschis acum un dosar penal \u015fi trebuie s\u0103 stabileasc\u0103 dinamica tragicului eveniment.<\/p>\n\n\n\n<p>Video <a href=\"https:\/\/observatornews.ro\/eveniment\/motociclist-bulgar-ucis-intrun-accident-in-mehedinti-a-fost-aruncat-peste-gard-in-curtea-unei-familii-664933.html\">aici<\/a><\/p>\n\n\n\n<p>Sursa: observatornews<\/p>\n\n\n\n<p><\/p>\n","protected":false},"excerpt":{"rendered":"<p>Curs\u0103 mortal\u0103 \u00een jude\u0163ul Mehedin\u0163i! Un motociclist bulgar, \u00een v\u00e2rst\u0103 de 41 de ani, a murit dup\u0103 un impact devastator.<\/p>\n","protected":false},"author":1,"featured_media":113174,"comment_status":"open","ping_status":"closed","sticky":false,"template":"","format":"standard","meta":{"spay_email":"","footnotes":"","jetpack_publicize_message":""},"categories":[1],"tags":[],"class_list":["post-140869","post","type-post","status-publish","format-standard","has-post-thumbnail","hentry","category-uncategorized"],"jetpack_featured_media_url":"https:\/\/i0.wp.com\/realitatearutiera.ro\/wp-content\/uploads\/2024\/07\/semn-accident-850x560-1.jpg?fit=850%2C560&ssl=1","jetpack_publicize_connections":[],"jetpack_sharing_enabled":true,"jetpack_shortlink":"https:\/\/wp.me\/p61naM-AE5","jetpack-related-posts":[],"_links":{"self":[{"href":"https:\/\/realitatearutiera.ro\/index.php?rest_route=\/wp\/v2\/posts\/140869","targetHints":{"allow":["GET"]}}],"collection":[{"href":"https:\/\/realitatearutiera.ro\/index.php?rest_route=\/wp\/v2\/posts"}],"about":[{"href":"https:\/\/realitatearutiera.ro\/index.php?rest_route=\/wp\/v2\/types\/post"}],"author":[{"embeddable":true,"href":"https:\/\/realitatearutiera.ro\/index.php?rest_route=\/wp\/v2\/users\/1"}],"replies":[{"embeddable":true,"href":"https:\/\/realitatearutiera.ro\/index.php?rest_route=%2Fwp%2Fv2%2Fcomments&post=140869"}],"version-history":[{"count":1,"href":"https:\/\/realitatearutiera.ro\/index.php?rest_route=\/wp\/v2\/posts\/140869\/revisions"}],"predecessor-version":[{"id":140870,"href":"https:\/\/realitatearutiera.ro\/index.php?rest_route=\/wp\/v2\/posts\/140869\/revisions\/140870"}],"wp:featuredmedia":[{"embeddable":true,"href":"https:\/\/realitatearutiera.ro\/index.php?rest_route=\/wp\/v2\/media\/113174"}],"wp:attachment":[{"href":"https:\/\/realitatearutiera.ro\/index.php?rest_route=%2Fwp%2Fv2%2Fmedia&parent=140869"}],"wp:term":[{"taxonomy":"category","embeddable":true,"href":"https:\/\/realitatearutiera.ro\/index.php?rest_route=%2Fwp%2Fv2%2Fcategories&post=140869"},{"taxonomy":"post_tag","embeddable":true,"href":"https:\/\/realitatearutiera.ro\/index.php?rest_route=%2Fwp%2Fv2%2Ftags&post=140869"}],"curies":[{"name":"wp","href":"https:\/\/api.w.org\/{rel}","templated":true}]}}