{"id":140871,"date":"2026-09-02T10:39:26","date_gmt":"2026-09-02T07:39:26","guid":{"rendered":"https:\/\/realitatearutiera.ro\/?p=140871"},"modified":"2026-09-02T10:39:29","modified_gmt":"2026-09-02T07:39:29","slug":"accident-grav-pe-centura-valcele-apahida-un-barbat-a-ramas-incarcerat-dupa-coliziunea-dintre-doua-masini","status":"publish","type":"post","link":"https:\/\/realitatearutiera.ro\/?p=140871","title":{"rendered":"Accident grav pe Centura V\u00e2lcele-Apahida. Un b\u0103rbat a r\u0103mas \u00eencarcerat dup\u0103 coliziunea dintre dou\u0103 ma\u0219ini"},"content":{"rendered":"\n<figure class=\"wp-block-image size-large is-resized\"><img loading=\"lazy\" decoding=\"async\" width=\"800\" height=\"600\" data-attachment-id=\"140872\" data-permalink=\"https:\/\/realitatearutiera.ro\/?attachment_id=140872\" data-orig-file=\"https:\/\/i0.wp.com\/realitatearutiera.ro\/wp-content\/uploads\/2026\/09\/image-25.png?fit=1600%2C1200&amp;ssl=1\" data-orig-size=\"1600,1200\" data-comments-opened=\"1\" data-image-meta=\"{&quot;aperture&quot;:&quot;0&quot;,&quot;credit&quot;:&quot;&quot;,&quot;camera&quot;:&quot;&quot;,&quot;caption&quot;:&quot;&quot;,&quot;created_timestamp&quot;:&quot;0&quot;,&quot;copyright&quot;:&quot;&quot;,&quot;focal_length&quot;:&quot;0&quot;,&quot;iso&quot;:&quot;0&quot;,&quot;shutter_speed&quot;:&quot;0&quot;,&quot;title&quot;:&quot;&quot;,&quot;orientation&quot;:&quot;0&quot;}\" data-image-title=\"image\" data-image-description=\"\" data-medium-file=\"https:\/\/i0.wp.com\/realitatearutiera.ro\/wp-content\/uploads\/2026\/09\/image-25.png?fit=300%2C225&amp;ssl=1\" data-large-file=\"https:\/\/i0.wp.com\/realitatearutiera.ro\/wp-content\/uploads\/2026\/09\/image-25.png?fit=800%2C600&amp;ssl=1\" src=\"https:\/\/i0.wp.com\/realitatearutiera.ro\/wp-content\/uploads\/2026\/09\/image-25-1024x768.png?resize=800%2C600&#038;ssl=1\" alt=\"\" class=\"wp-image-140872\" style=\"width:536px;height:auto\" srcset=\"https:\/\/i0.wp.com\/realitatearutiera.ro\/wp-content\/uploads\/2026\/09\/image-25.png?resize=1024%2C768&amp;ssl=1 1024w, https:\/\/i0.wp.com\/realitatearutiera.ro\/wp-content\/uploads\/2026\/09\/image-25.png?resize=300%2C225&amp;ssl=1 300w, https:\/\/i0.wp.com\/realitatearutiera.ro\/wp-content\/uploads\/2026\/09\/image-25.png?resize=768%2C576&amp;ssl=1 768w, https:\/\/i0.wp.com\/realitatearutiera.ro\/wp-content\/uploads\/2026\/09\/image-25.png?resize=1536%2C1152&amp;ssl=1 1536w, https:\/\/i0.wp.com\/realitatearutiera.ro\/wp-content\/uploads\/2026\/09\/image-25.png?w=1600&amp;ssl=1 1600w\" sizes=\"auto, (max-width: 800px) 100vw, 800px\" data-recalc-dims=\"1\" \/><\/figure>\n\n\n\n<p id=\"p-1\"><strong>Un accident rutier s-a produs miercuri diminea\u021b\u0103 pe Centura V\u00e2lcele-Apahida, \u00een apropiere de localitatea Gheorghieni. \u00cen urma impactului dintre dou\u0103 autoturisme, dou\u0103 persoane au avut nevoie de \u00eengrijiri medicale.<\/strong><\/p>\n\n\n\n<p id=\"p-2\">La fa\u021ba locului au intervenit de urgen\u021b\u0103 pompierii din cadrul Deta\u0219amentului 1 Cluj-Napoca, cu dou\u0103 autospeciale dotate cu module de descarcerare, precum \u0219i dou\u0103 ambulan\u021be SMURD, dintre care una de terapie intensiv\u0103 mobil\u0103.<\/p>\n\n\n\n<p id=\"p-3\">\u00centr-unul dintre autoturisme se afla un b\u0103rbat de aproximativ 45 de ani, care a r\u0103mas \u00eencarcerat \u00een urma accidentului. Pompierii au ac\u021bionat pentru extragerea acestuia \u0219i l-au predat, \u00een siguran\u021b\u0103, echipajelor medicale.<\/p>\n\n\n\n<h2 class=\"wp-block-heading\" id=\"chapter-1\">Un b\u0103rbat a fost transportat la spital<\/h2>\n\n\n\n<p id=\"p-4\">Din fericire, b\u0103rbatul a fost con\u0219tient \u0219i cooperant pe tot parcursul interven\u021biei. Ulterior, acesta a fost transportat la spital pentru investiga\u021bii \u0219i \u00eengrijiri medicale.<\/p>\n\n\n\n<p id=\"p-5\">De asemenea, un alt b\u0103rbat, \u00een v\u00e2rst\u0103 de aproximativ 25 de ani, a avut nevoie de \u00eengrijiri medicale \u0219i a fost transportat la spital.<\/p>\n\n\n\n<p>Sursa cluj24<\/p>\n","protected":false},"excerpt":{"rendered":"<p>Un accident rutier s-a produs miercuri diminea\u021b\u0103 pe Centura V\u00e2lcele-Apahida, \u00een apropiere de localitatea Gheorghieni. \u00cen urma impactului dintre dou\u0103<\/p>\n","protected":false},"author":1,"featured_media":116298,"comment_status":"open","ping_status":"closed","sticky":false,"template":"","format":"standard","meta":{"spay_email":"","footnotes":"","jetpack_publicize_message":""},"categories":[1],"tags":[],"class_list":["post-140871","post","type-post","status-publish","format-standard","has-post-thumbnail","hentry","category-uncategorized"],"jetpack_featured_media_url":"https:\/\/i1.wp.com\/realitatearutiera.ro\/wp-content\/uploads\/2024\/09\/semn-accident-850x560-1.jpg?fit=850%2C560&ssl=1","jetpack_publicize_connections":[],"jetpack_sharing_enabled":true,"jetpack_shortlink":"https:\/\/wp.me\/p61naM-AE7","jetpack-related-posts":[],"_links":{"self":[{"href":"https:\/\/realitatearutiera.ro\/index.php?rest_route=\/wp\/v2\/posts\/140871","targetHints":{"allow":["GET"]}}],"collection":[{"href":"https:\/\/realitatearutiera.ro\/index.php?rest_route=\/wp\/v2\/posts"}],"about":[{"href":"https:\/\/realitatearutiera.ro\/index.php?rest_route=\/wp\/v2\/types\/post"}],"author":[{"embeddable":true,"href":"https:\/\/realitatearutiera.ro\/index.php?rest_route=\/wp\/v2\/users\/1"}],"replies":[{"embeddable":true,"href":"https:\/\/realitatearutiera.ro\/index.php?rest_route=%2Fwp%2Fv2%2Fcomments&post=140871"}],"version-history":[{"count":1,"href":"https:\/\/realitatearutiera.ro\/index.php?rest_route=\/wp\/v2\/posts\/140871\/revisions"}],"predecessor-version":[{"id":140873,"href":"https:\/\/realitatearutiera.ro\/index.php?rest_route=\/wp\/v2\/posts\/140871\/revisions\/140873"}],"wp:featuredmedia":[{"embeddable":true,"href":"https:\/\/realitatearutiera.ro\/index.php?rest_route=\/wp\/v2\/media\/116298"}],"wp:attachment":[{"href":"https:\/\/realitatearutiera.ro\/index.php?rest_route=%2Fwp%2Fv2%2Fmedia&parent=140871"}],"wp:term":[{"taxonomy":"category","embeddable":true,"href":"https:\/\/realitatearutiera.ro\/index.php?rest_route=%2Fwp%2Fv2%2Fcategories&post=140871"},{"taxonomy":"post_tag","embeddable":true,"href":"https:\/\/realitatearutiera.ro\/index.php?rest_route=%2Fwp%2Fv2%2Ftags&post=140871"}],"curies":[{"name":"wp","href":"https:\/\/api.w.org\/{rel}","templated":true}]}}