{"id":140892,"date":"2026-09-03T09:02:50","date_gmt":"2026-09-03T06:02:50","guid":{"rendered":"https:\/\/realitatearutiera.ro\/?p=140892"},"modified":"2026-09-03T09:02:53","modified_gmt":"2026-09-03T06:02:53","slug":"accident-grav-in-vrancea-copil-de-7-ani-lovit-de-o-masina-in-timp-ce-era-pe-bicicleta","status":"publish","type":"post","link":"https:\/\/realitatearutiera.ro\/?p=140892","title":{"rendered":"Accident grav \u00een Vrancea: copil de 7 ani, lovit de o ma\u0219in\u0103 \u00een timp ce era pe biciclet\u0103"},"content":{"rendered":"\n<p>Un copil de \u015fapte ani a ajuns de urgen\u0163\u0103 la spital, dup\u0103 ce a fost spulberat de un autoturism, pe un drum jude\u0163ean.\u00a0Accidentul \u00eenfior\u0103tor a avut loc \u00eentr-un sat din jude\u0163ul Vrancea.<\/p>\n\n\n\n<p>Cel mic ie\u015fise la plimbare cu bicicleta \u015fi, la un moment dat, a intrat \u00een coliziune cu o ma\u015fin\u0103. \u00cen urma impactului puternic, a suferit r\u0103ni grave, inclusiv \u00een zona capului, \u015fi a fost transportat de urgen\u0163\u0103 la spital.<\/p>\n\n\n\n<p>Conduc\u0103torul autovehicului, \u00een v\u00e2rst\u0103 de 27 de ani, a fost testat pentru consumul de alcool.<\/p>\n\n\n\n<p>Rezultatul a ie\u015fit negativ. Poli\u0163i\u015ftii au deschis un dosar penal pentru v\u0103t\u0103mare corporal\u0103 din culp\u0103 \u015fi fac cercet\u0103ri pentru a \u00een\u0163elege cum s-a petrecut totul.<\/p>\n\n\n\n<p>Sursa: observatornews<\/p>\n","protected":false},"excerpt":{"rendered":"<p>Un copil de \u015fapte ani a ajuns de urgen\u0163\u0103 la spital, dup\u0103 ce a fost spulberat de un autoturism, pe<\/p>\n","protected":false},"author":1,"featured_media":116298,"comment_status":"open","ping_status":"closed","sticky":false,"template":"","format":"standard","meta":{"spay_email":"","footnotes":"","jetpack_publicize_message":""},"categories":[1],"tags":[],"class_list":["post-140892","post","type-post","status-publish","format-standard","has-post-thumbnail","hentry","category-uncategorized"],"jetpack_featured_media_url":"https:\/\/i1.wp.com\/realitatearutiera.ro\/wp-content\/uploads\/2024\/09\/semn-accident-850x560-1.jpg?fit=850%2C560&ssl=1","jetpack_publicize_connections":[],"jetpack_sharing_enabled":true,"jetpack_shortlink":"https:\/\/wp.me\/p61naM-AEs","jetpack-related-posts":[],"_links":{"self":[{"href":"https:\/\/realitatearutiera.ro\/index.php?rest_route=\/wp\/v2\/posts\/140892","targetHints":{"allow":["GET"]}}],"collection":[{"href":"https:\/\/realitatearutiera.ro\/index.php?rest_route=\/wp\/v2\/posts"}],"about":[{"href":"https:\/\/realitatearutiera.ro\/index.php?rest_route=\/wp\/v2\/types\/post"}],"author":[{"embeddable":true,"href":"https:\/\/realitatearutiera.ro\/index.php?rest_route=\/wp\/v2\/users\/1"}],"replies":[{"embeddable":true,"href":"https:\/\/realitatearutiera.ro\/index.php?rest_route=%2Fwp%2Fv2%2Fcomments&post=140892"}],"version-history":[{"count":1,"href":"https:\/\/realitatearutiera.ro\/index.php?rest_route=\/wp\/v2\/posts\/140892\/revisions"}],"predecessor-version":[{"id":140893,"href":"https:\/\/realitatearutiera.ro\/index.php?rest_route=\/wp\/v2\/posts\/140892\/revisions\/140893"}],"wp:featuredmedia":[{"embeddable":true,"href":"https:\/\/realitatearutiera.ro\/index.php?rest_route=\/wp\/v2\/media\/116298"}],"wp:attachment":[{"href":"https:\/\/realitatearutiera.ro\/index.php?rest_route=%2Fwp%2Fv2%2Fmedia&parent=140892"}],"wp:term":[{"taxonomy":"category","embeddable":true,"href":"https:\/\/realitatearutiera.ro\/index.php?rest_route=%2Fwp%2Fv2%2Fcategories&post=140892"},{"taxonomy":"post_tag","embeddable":true,"href":"https:\/\/realitatearutiera.ro\/index.php?rest_route=%2Fwp%2Fv2%2Ftags&post=140892"}],"curies":[{"name":"wp","href":"https:\/\/api.w.org\/{rel}","templated":true}]}}