{"id":140897,"date":"2026-09-03T09:14:18","date_gmt":"2026-09-03T06:14:18","guid":{"rendered":"https:\/\/realitatearutiera.ro\/?p=140897"},"modified":"2026-09-03T09:14:23","modified_gmt":"2026-09-03T06:14:23","slug":"rabla-2026-mai-primeste-milioane-de-lei-ce-vehicule-pot-fi-cumparate-cu-ajutorul-programului","status":"publish","type":"post","link":"https:\/\/realitatearutiera.ro\/?p=140897","title":{"rendered":"Rabla 2026 mai prime\u0219te milioane de lei. Ce vehicule pot fi cump\u0103rate cu ajutorul programului"},"content":{"rendered":"\n<figure class=\"wp-block-image size-large\"><img loading=\"lazy\" decoding=\"async\" width=\"800\" height=\"448\" data-attachment-id=\"140898\" data-permalink=\"https:\/\/realitatearutiera.ro\/?attachment_id=140898\" data-orig-file=\"https:\/\/i0.wp.com\/realitatearutiera.ro\/wp-content\/uploads\/2026\/09\/image-32.png?fit=1200%2C673&amp;ssl=1\" data-orig-size=\"1200,673\" data-comments-opened=\"1\" data-image-meta=\"{&quot;aperture&quot;:&quot;0&quot;,&quot;credit&quot;:&quot;&quot;,&quot;camera&quot;:&quot;&quot;,&quot;caption&quot;:&quot;&quot;,&quot;created_timestamp&quot;:&quot;0&quot;,&quot;copyright&quot;:&quot;&quot;,&quot;focal_length&quot;:&quot;0&quot;,&quot;iso&quot;:&quot;0&quot;,&quot;shutter_speed&quot;:&quot;0&quot;,&quot;title&quot;:&quot;&quot;,&quot;orientation&quot;:&quot;0&quot;}\" data-image-title=\"image\" data-image-description=\"\" data-medium-file=\"https:\/\/i0.wp.com\/realitatearutiera.ro\/wp-content\/uploads\/2026\/09\/image-32.png?fit=300%2C168&amp;ssl=1\" data-large-file=\"https:\/\/i0.wp.com\/realitatearutiera.ro\/wp-content\/uploads\/2026\/09\/image-32.png?fit=800%2C448&amp;ssl=1\" src=\"https:\/\/i1.wp.com\/realitatearutiera.ro\/wp-content\/uploads\/2026\/09\/image-32-1024x574.png?resize=800%2C448&#038;ssl=1\" alt=\"\" class=\"wp-image-140898\" srcset=\"https:\/\/i0.wp.com\/realitatearutiera.ro\/wp-content\/uploads\/2026\/09\/image-32.png?resize=1024%2C574&amp;ssl=1 1024w, https:\/\/i0.wp.com\/realitatearutiera.ro\/wp-content\/uploads\/2026\/09\/image-32.png?resize=300%2C168&amp;ssl=1 300w, https:\/\/i0.wp.com\/realitatearutiera.ro\/wp-content\/uploads\/2026\/09\/image-32.png?resize=768%2C431&amp;ssl=1 768w, https:\/\/i0.wp.com\/realitatearutiera.ro\/wp-content\/uploads\/2026\/09\/image-32.png?w=1200&amp;ssl=1 1200w\" sizes=\"auto, (max-width: 800px) 100vw, 800px\" data-recalc-dims=\"1\" \/><\/figure>\n\n\n\n<p>SURSA FOTO: Dreamstime<\/p>\n\n\n\n<p>Din cuprinsul articolului<\/p>\n\n\n\n<ul id=\"menuTabela\" class=\"wp-block-list\">\n<li><a href=\"https:\/\/www.capital.ro\/un-nou-buget-pentru-rabla-2026-milioane-de-lei-sunt-pusi-la-bataie-pentru-vehicule-si-motociclete.html#ce-se-pregateste-pentru-traficul-din-romania-prin-rabla-2026\">Ce se preg\u0103te\u0219te pentru traficul din Rom\u00e2nia prin Rabla 2026<\/a><\/li>\n\n\n\n<li><a href=\"https:\/\/www.capital.ro\/un-nou-buget-pentru-rabla-2026-milioane-de-lei-sunt-pusi-la-bataie-pentru-vehicule-si-motociclete.html#rabla-auto-2026-ce-buget-mai-este-disponibil\">Rabla Auto 2026. Ce buget mai este disponibil<\/a><\/li>\n\n\n\n<li><a href=\"https:\/\/www.capital.ro\/un-nou-buget-pentru-rabla-2026-milioane-de-lei-sunt-pusi-la-bataie-pentru-vehicule-si-motociclete.html#ce-valoare-au-ecotichetele-pentru-vehiculele-electrice\">Ce valoare au ecotichetele pentru vehiculele electrice<\/a><\/li>\n\n\n\n<li><a href=\"https:\/\/www.capital.ro\/un-nou-buget-pentru-rabla-2026-milioane-de-lei-sunt-pusi-la-bataie-pentru-vehicule-si-motociclete.html#ce-trebuie-sa-faca-persoanele-inscrise-in-program\">Ce trebuie s\u0103 fac\u0103 persoanele \u00eenscrise \u00een program<\/a><\/li>\n<\/ul>\n\n\n\n<p><a href=\"https:\/\/www.afm.ro\/rabla_auto_pf.php\" target=\"_blank\" rel=\"noreferrer noopener\">Programul Rabla Auto 2026<\/a>&nbsp;a fost suplimentat cu 2.749 de ecotichete, cu o valoare total\u0103 de 33.782.500 de lei. Decizia a fost aprobat\u0103 miercuri de membrii&nbsp;<a href=\"https:\/\/www.afm.ro\/\" target=\"_blank\" rel=\"noreferrer noopener\">Comitetului de Avizare al Administra\u021biei Fondului pentru Mediu (AFM)<\/a>, pentru persoanele fizice \u00eenscrise \u00een program.<\/p>\n\n\n\n<h2 class=\"wp-block-heading\" id=\"ce-se-pregateste-pentru-traficul-din-romania-prin-rabla-2026\"><a href=\"https:\/\/www.capital.ro\/un-nou-buget-pentru-rabla-2026-milioane-de-lei-sunt-pusi-la-bataie-pentru-vehicule-si-motociclete.html#ce-se-pregateste-pentru-traficul-din-romania-prin-rabla-2026\">Ce se preg\u0103te\u0219te pentru traficul din Rom\u00e2nia prin Rabla 2026<\/a><\/h2>\n\n\n\n<p>Suplimentarea permite continuarea acord\u0103rii finan\u021b\u0103rilor pentru solicitan\u021bii care doresc s\u0103 achizi\u021bioneze&nbsp;<a href=\"https:\/\/www.capital.ro\/avertisment-pentru-romanii-care-merg-in-bulgaria-restrictii-de-circulatie-in-minivacanta-ce-trebuie-sa-stie-soferii.html\" target=\"_blank\" rel=\"noreferrer noopener\">vehicule<\/a>&nbsp;noi prin Programul Rabla Auto 2026.<\/p>\n\n\n\n<p>Ecotichetele sunt acordate \u00een limita fondurilor disponibile \u0219i \u00een func\u021bie de categoria de&nbsp;<a href=\"https:\/\/www.capital.ro\/un-gest-banal-te-poate-costa-1-500-de-euro-in-grecia-multi-soferi-nu-stiu-regula.html\" target=\"_blank\" rel=\"noreferrer noopener\">vehicul<\/a>&nbsp;pentru care este solicitat sprijinul financiar. Pre\u0219edintele AFM, Florin B\u0103nic\u0103, a transmis c\u0103 institu\u021bia continu\u0103 aprobarea ecotichetelor destinate persoanelor fizice.<\/p>\n\n\n\n<blockquote class=\"wp-block-quote is-layout-flow wp-block-quote-is-layout-flow\">\n<p>\u201eContinu\u0103m aprobarea ecotichetelor \u00een cadrul Programului Rabla Auto, oferind&nbsp;<a href=\"https:\/\/www.capital.ro\/cum-poti-afla-cat-ai-cotizat-la-pensia-publica-si-cand-te-poti-pensiona.html\" target=\"_blank\" rel=\"noreferrer noopener\">persoane fizice<\/a>&nbsp;capabile de a beneficia de sprijinul parcului financiar pentru dezvoltarea unui autovehicul nou. Prin acest program contribuim la \u00eennoirea autovehiculului na\u021bional, \u00eencuraj\u0103m cele mai pu\u021bin poluante \u0219i sus\u021binem reducerea impactului transportului asupra mediului\u201d, a declarat Florin B\u0103nic\u0103.<\/p>\n<\/blockquote>\n\n\n\n<h3 class=\"wp-block-heading\" id=\"rabla-auto-2026-ce-buget-mai-este-disponibil\"><a href=\"https:\/\/www.capital.ro\/un-nou-buget-pentru-rabla-2026-milioane-de-lei-sunt-pusi-la-bataie-pentru-vehicule-si-motociclete.html#rabla-auto-2026-ce-buget-mai-este-disponibil\">Rabla Auto 2026. Ce buget mai este disponibil<\/a><\/h3>\n\n\n\n<p>Sesiunea destinat\u0103 achizi\u021biei de autovehicule noi cu sisteme de propulsie termic\u0103, inclusiv cele cu motorizare GPL\/GNC, precum \u0219i a autovehiculelor cu sistem de propulsie hibrid este \u00een derulare. \u00censcrierile sunt deschise p\u00e2n\u0103 la 31 decembrie 2026, la ora 23:59, \u00een limita bugetului disponibil sau p\u00e2n\u0103 la epuizarea fondurilor alocate.<\/p>\n\n\n\n<p>Pentru noile \u00eenscrieri este disponibil\u0103 suma total\u0103 d<strong>e 93,737 milioane de lei<\/strong>. Banii provin din fondurile rezervate anterior pentru care nu au fost parcur\u0219i to\u021bi pa\u0219ii procedurali prev\u0103zu\u021bi de program.<\/p>\n\n\n\n<p>Din suma alocat\u0103 acestei sesiuni, 70,312 milioane de lei sunt destina\u021bi cump\u0103r\u0103rii de autovehicule noi cu sisteme de propulsie termic\u0103, inclusiv motorizare GPL\/GNC, \u0219i autovehiculelor cu sistem de propulsie hibrid.<\/p>\n\n\n\n<p>Al\u021bi 20,45 milioane de lei sunt aloca\u021bi pentru achizi\u021bia de autovehicule noi plug-in hibrid \u0219i autovehicule pur electrice sau cu pil\u0103 de combustie cu hidrogen. Pentru cump\u0103rarea motocicletelor \u0219i motocicletelor electrice sunt&nbsp;<strong>prev\u0103zu\u021bi 2,975 milioane de lei.<\/strong><\/p>\n\n\n\n<figure class=\"wp-block-image\" id=\"attachment_1547029\"><img decoding=\"async\" src=\"https:\/\/i0.wp.com\/media.capital.ro\/wp-content\/uploads\/2025\/09\/Proprietarii-de-masini-vechi-primesc-bani-de-la-stat.--1200x612.jpg?resize=800%2C408&#038;ssl=1\" alt=\"rabla, masini vechi, masini noi\" class=\"wp-image-1547029\" data-recalc-dims=\"1\"\/><figcaption class=\"wp-element-caption\">Sursa foto: Dreamstime- Proprietarii de ma\u0219ini vechi primesc bani de la stat.<\/figcaption><\/figure>\n\n\n\n<h3 class=\"wp-block-heading\" id=\"ce-valoare-au-ecotichetele-pentru-vehiculele-electrice\"><a href=\"https:\/\/www.capital.ro\/un-nou-buget-pentru-rabla-2026-milioane-de-lei-sunt-pusi-la-bataie-pentru-vehicule-si-motociclete.html#ce-valoare-au-ecotichetele-pentru-vehiculele-electrice\">Ce valoare au ecotichetele pentru vehiculele electrice<\/a><\/h3>\n\n\n\n<p>\u00cen Programul Rabla Auto 2026, persoanele fizice pot beneficia de ecotichete cu valori diferite, \u00een func\u021bie de tipul de vehicul nou achizi\u021bionat. Pentru un autovehicul nou pur electric sau cu pil\u0103 de combustie cu hidrogen, valoarea ecotichetului este de 18.500 de lei.<\/p>\n\n\n\n<p>Pentru achizi\u021bia unui autovehicul nou plug-in hibrid sau a unei motociclete electrice, ecotichetul are o valoare de 15.000 de lei. Pentru un autovehicul nou cu sistem de propulsie hibrid, valoarea sprijinului este de 12.000 de lei.<\/p>\n\n\n\n<p>\u00cen cazul unui autovehicul nou cu sistem de propulsie termic\u0103, inclusiv motorizare GPL\/GNC, ecotichetul este de 10.000 de lei. Aceea\u0219i valoare este acordat\u0103 pentru achizi\u021bionarea unei motociclete.<\/p>\n\n\n\n<p>La finalizarea \u00eenscrierii \u00een program, aplica\u021bia genereaz\u0103 automat un num\u0103r de \u00eenregistrare \u0219i rezerv\u0103 valoarea ecotichetului sau ecotichetelor solicitate, \u00een limita bugetului disponibil.<\/p>\n\n\n\n<h3 class=\"wp-block-heading\" id=\"ce-trebuie-sa-faca-persoanele-inscrise-in-program\"><a href=\"https:\/\/www.capital.ro\/un-nou-buget-pentru-rabla-2026-milioane-de-lei-sunt-pusi-la-bataie-pentru-vehicule-si-motociclete.html#ce-trebuie-sa-faca-persoanele-inscrise-in-program\">Ce trebuie s\u0103 fac\u0103 persoanele \u00eenscrise \u00een program<\/a><\/h3>\n\n\n\n<p>Dup\u0103 ob\u021binerea num\u0103rului de \u00eenregistrare, solicitantul are la dispozi\u021bie 10 zile pentru a completa \u00een aplica\u021bie seria de \u0219asiu a autovehiculului uzat. \u00cen aceea\u0219i etap\u0103 trebuie \u00eenc\u0103rcate documentele prev\u0103zute \u00een Ghidul de finan\u021bare \u0219i selectat un produc\u0103tor validat.<\/p>\n\n\n\n<p>Potrivit Administra\u021biei Fondului pentru Mediu, dup\u0103 ob\u021binerea statutului de \u201ebeneficiar aprobat pentru finan\u021bare\u201d, persoana fizic\u0103 are obliga\u021bia ca, \u00een termen de 60 de zile, s\u0103 distrug\u0103 \u0219i s\u0103 radieze din eviden\u021ba circula\u021biei autovehiculul uzat.<\/p>\n\n\n\n<p>Ulterior, solicitantul trebuie s\u0103 \u00eencarce \u00een aplica\u021bia informatic\u0103 documentele care dovedesc efectuarea acestor opera\u021biuni \u0219i s\u0103 introduc\u0103 data radierii autovehiculului uzat.<\/p>\n\n\n\n<p>Sursa: capital    SURSA FOTO: Dreamstime<\/p>\n","protected":false},"excerpt":{"rendered":"<p>SURSA FOTO: Dreamstime Din cuprinsul articolului Programul Rabla Auto 2026&nbsp;a fost suplimentat cu 2.749 de ecotichete, cu o valoare total\u0103<\/p>\n","protected":false},"author":1,"featured_media":140898,"comment_status":"open","ping_status":"closed","sticky":false,"template":"","format":"standard","meta":{"spay_email":"","footnotes":"","jetpack_publicize_message":""},"categories":[82],"tags":[],"class_list":["post-140897","post","type-post","status-publish","format-standard","has-post-thumbnail","hentry","category-auto"],"jetpack_featured_media_url":"https:\/\/i0.wp.com\/realitatearutiera.ro\/wp-content\/uploads\/2026\/09\/image-32.png?fit=1200%2C673&ssl=1","jetpack_publicize_connections":[],"jetpack_sharing_enabled":true,"jetpack_shortlink":"https:\/\/wp.me\/p61naM-AEx","jetpack-related-posts":[],"_links":{"self":[{"href":"https:\/\/realitatearutiera.ro\/index.php?rest_route=\/wp\/v2\/posts\/140897","targetHints":{"allow":["GET"]}}],"collection":[{"href":"https:\/\/realitatearutiera.ro\/index.php?rest_route=\/wp\/v2\/posts"}],"about":[{"href":"https:\/\/realitatearutiera.ro\/index.php?rest_route=\/wp\/v2\/types\/post"}],"author":[{"embeddable":true,"href":"https:\/\/realitatearutiera.ro\/index.php?rest_route=\/wp\/v2\/users\/1"}],"replies":[{"embeddable":true,"href":"https:\/\/realitatearutiera.ro\/index.php?rest_route=%2Fwp%2Fv2%2Fcomments&post=140897"}],"version-history":[{"count":1,"href":"https:\/\/realitatearutiera.ro\/index.php?rest_route=\/wp\/v2\/posts\/140897\/revisions"}],"predecessor-version":[{"id":140899,"href":"https:\/\/realitatearutiera.ro\/index.php?rest_route=\/wp\/v2\/posts\/140897\/revisions\/140899"}],"wp:featuredmedia":[{"embeddable":true,"href":"https:\/\/realitatearutiera.ro\/index.php?rest_route=\/wp\/v2\/media\/140898"}],"wp:attachment":[{"href":"https:\/\/realitatearutiera.ro\/index.php?rest_route=%2Fwp%2Fv2%2Fmedia&parent=140897"}],"wp:term":[{"taxonomy":"category","embeddable":true,"href":"https:\/\/realitatearutiera.ro\/index.php?rest_route=%2Fwp%2Fv2%2Fcategories&post=140897"},{"taxonomy":"post_tag","embeddable":true,"href":"https:\/\/realitatearutiera.ro\/index.php?rest_route=%2Fwp%2Fv2%2Ftags&post=140897"}],"curies":[{"name":"wp","href":"https:\/\/api.w.org\/{rel}","templated":true}]}}