{"id":140924,"date":"2026-09-04T09:20:36","date_gmt":"2026-09-04T06:20:36","guid":{"rendered":"https:\/\/realitatearutiera.ro\/?p=140924"},"modified":"2026-09-04T09:20:41","modified_gmt":"2026-09-04T06:20:41","slug":"vremea-454","status":"publish","type":"post","link":"https:\/\/realitatearutiera.ro\/?p=140924","title":{"rendered":"Vremea"},"content":{"rendered":"\n<p>Din cuprinsul articolului<\/p>\n\n\n\n<ul id=\"menuTabela\" class=\"wp-block-list\">\n<li><a href=\"https:\/\/www.capital.ro\/prognoza-meteo-4-septembrie-caldura-ramane-dar-ploile-isi-fac-aparitia-in-mai-multe-zone.html#anm-a-anuntat-prognoza-pentru-4-septembrie-romania-va-avea-parte-de-doua-tipuri-de-vreme\">ANM a anun\u021bat prognoza pentru 4 septembrie. Rom\u00e2nia va avea parte de dou\u0103 tipuri de vreme<\/a><\/li>\n\n\n\n<li><a href=\"https:\/\/www.capital.ro\/prognoza-meteo-4-septembrie-caldura-ramane-dar-ploile-isi-fac-aparitia-in-mai-multe-zone.html#ploi-si-descarcari-electrice-in-mai-multe-regiuni\">Ploi \u0219i desc\u0103rc\u0103ri electrice \u00een mai multe regiuni<\/a><\/li>\n\n\n\n<li><a href=\"https:\/\/www.capital.ro\/prognoza-meteo-4-septembrie-caldura-ramane-dar-ploile-isi-fac-aparitia-in-mai-multe-zone.html#cum-va-fi-vremea-in-bucuresti\">Cum va fi vremea \u00een Bucure\u0219ti<\/a><\/li>\n\n\n\n<li><a href=\"https:\/\/www.capital.ro\/prognoza-meteo-4-septembrie-caldura-ramane-dar-ploile-isi-fac-aparitia-in-mai-multe-zone.html#temperaturile-minime-de-la-7-la-21-de-grade\">Temperaturile minime, de la 7 la 21 de grade<\/a><\/li>\n<\/ul>\n\n\n\n<p><a href=\"https:\/\/www.meteoromania.ro\/\" target=\"_blank\" rel=\"noreferrer noopener\">Administra\u021bia Na\u021bional\u0103 de Meteorologie (ANM)<\/a>&nbsp;a emis prognoza meteo pentru vineri, 4 septembrie 2026. Meteorologii anun\u021b\u0103 o vreme c\u0103lduroas\u0103 \u00een sudul \u021b\u0103rii, \u00een special \u00een C\u00e2mpia Rom\u00e2n\u0103 \u0219i C\u00e2mpia de Vest, \u00een timp ce \u00een alte regiuni sunt a\u0219teptate perioade cu ploi \u0219i desc\u0103rc\u0103ri electrice.<\/p>\n\n\n\n<h2 class=\"wp-block-heading\" id=\"anm-a-anuntat-prognoza-pentru-4-septembrie-romania-va-avea-parte-de-doua-tipuri-de-vreme\"><a href=\"https:\/\/www.capital.ro\/prognoza-meteo-4-septembrie-caldura-ramane-dar-ploile-isi-fac-aparitia-in-mai-multe-zone.html#anm-a-anuntat-prognoza-pentru-4-septembrie-romania-va-avea-parte-de-doua-tipuri-de-vreme\">ANM a anun\u021bat prognoza pentru 4 septembrie. Rom\u00e2nia va avea parte de dou\u0103 tipuri de vreme<\/a><\/h2>\n\n\n\n<p><a href=\"https:\/\/www.capital.ro\/ce-aduce-prima-zi-de-toamna-in-romania-prognoza-care-schimba-asteptarile-pentru-1-septembrie.html\" target=\"_blank\" rel=\"noreferrer noopener\">Valorile termice<\/a>&nbsp;vor fi mai ridicate dec\u00e2t cele obi\u0219nuite pentru \u00eenceputul lunii septembrie \u00een partea de sud a \u021b\u0103rii. \u00cen restul teritoriului, temperaturile se vor situa, \u00een general, \u00een jurul celor caracteristice primei decade a lunii&nbsp;<a href=\"https:\/\/www.capital.ro\/loto-3-septembrie-2026-un-report-de-peste-1-milion-de-euro-asteapta-castigatorul-rezultatele-extragerii.html\" target=\"_blank\" rel=\"noreferrer noopener\">septembrie<\/a>.<\/p>\n\n\n\n<p>Cerul va fi variabil, \u00eens\u0103 vor exista intervale \u00een care \u00eennor\u0103rile se vor accentua. Aversele \u0219i desc\u0103rc\u0103rile electrice sunt prognozate mai ales dup\u0103-amiaza \u0219i seara, \u00een special \u00een Carpa\u021bii Orientali \u0219i \u00een estul Carpa\u021bilor Meridionali.<\/p>\n\n\n\n<h3 class=\"wp-block-heading\" id=\"ploi-si-descarcari-electrice-in-mai-multe-regiuni\"><a href=\"https:\/\/www.capital.ro\/prognoza-meteo-4-septembrie-caldura-ramane-dar-ploile-isi-fac-aparitia-in-mai-multe-zone.html#ploi-si-descarcari-electrice-in-mai-multe-regiuni\">Ploi \u0219i desc\u0103rc\u0103ri electrice \u00een mai multe regiuni<\/a><\/h3>\n\n\n\n<p>Fenomenele de&nbsp;<a href=\"https:\/\/www.capital.ro\/furtunile-lovesc-mai-multe-zone-din-tara-anm-a-emis-cod-galben-si-avertizeaza-asupra-vijeliilor.html\" target=\"_blank\" rel=\"noreferrer noopener\">instabilitate atmosferic\u0103<\/a>&nbsp;vor ap\u0103rea \u0219i pe arii restr\u00e2nse \u00een Dobrogea, Muntenia, Moldova \u0219i Transilvania. Izolat, cu o probabilitate mai mare \u00een zonele montane, cantit\u0103\u021bile de ap\u0103 vor ajunge la 10\u202615 l\/mp, iar meteorologii indic\u0103 \u0219i condi\u021bii de grindin\u0103.<\/p>\n\n\n\n<p>V\u00e2ntul va sufla slab \u0219i moderat, dar \u00een zona montan\u0103 sunt prognozate intensific\u0103ri, cu rafale de 60\u202670 km\/h pe creste. Viteze mai mari ale v\u00e2ntului, \u00een general de 40\u202650 km\/h, vor fi posibile local \u00een extremitatea de sud-vest \u0219i \u00een centru.<\/p>\n\n\n\n<p>Intensific\u0103ri ale v\u00e2ntului vor fi asociate \u0219i ploilor, c\u00e2nd rafalele pot ajunge la 50\u2026.60 km\/h. Temperaturile maxime vor fi cuprinse \u00eentre 23 de grade \u00een estul Transilvaniei \u0219i 33 de grade \u00een sudul Olteniei.<\/p>\n\n\n\n<p><a href=\"https:\/\/www.capital.ro\/prognoza-meteo-3-septembrie-2026-averse-torentiale-furtuni-si-grindina-in-mai-multe-regiuni.html\" target=\"_blank\" rel=\"noreferrer noopener\">Temperaturile<\/a>&nbsp;minime se vor situa \u00eentre 10 \u0219i 18 grade, cu valori mai sc\u0103zute \u00een zonele depresionare. \u00cen depresiunile Carpa\u021bilor Orientali, minimele pot cobor\u00ee spre 7 grade, \u00een timp ce \u00een Dealurile de Vest \u0219i pe litoral temperaturile nocturne vor fi mai ridicate, ajung\u00e2nd p\u00e2n\u0103 la 21 de grade.<\/p>\n\n\n\n<figure class=\"wp-block-image\" id=\"attachment_1632009\"><img decoding=\"async\" src=\"https:\/\/i1.wp.com\/media.capital.ro\/wp-content\/uploads\/2026\/04\/vremea-e1775465707786-1200x676.png?resize=800%2C451&#038;ssl=1\" alt=\"vremea\" class=\"wp-image-1632009\" data-recalc-dims=\"1\"\/><figcaption class=\"wp-element-caption\">SURSA FOTO: Capital.ro\/Imagine generat\u0103 cu ajutorul Inteligen\u021bei Artificiale (AI)<\/figcaption><\/figure>\n\n\n\n<h3 class=\"wp-block-heading\" id=\"cum-va-fi-vremea-in-bucuresti\"><a href=\"https:\/\/www.capital.ro\/prognoza-meteo-4-septembrie-caldura-ramane-dar-ploile-isi-fac-aparitia-in-mai-multe-zone.html#cum-va-fi-vremea-in-bucuresti\">Cum va fi vremea \u00een Bucure\u0219ti<\/a><\/h3>\n\n\n\n<p>\u00cen Bucure\u0219ti, vremea va fi mai cald\u0103 dec\u00e2t \u00een mod obi\u0219nuit pentru prima decad\u0103 a lunii septembrie. Cerul va fi variabil, iar la \u00eenceputul intervalului sunt posibile \u00eennor\u0103ri \u0219i ploi slabe, de scurt\u0103 durat\u0103.<\/p>\n\n\n\n<p>Ploile din Capital\u0103 pot aduce cantit\u0103\u021bi de ap\u0103 de 1\u20262 l\/mp \u0219i desc\u0103rc\u0103ri electrice. V\u00e2ntul va sufla slab \u0219i moderat, f\u0103r\u0103 alte fenomene semnificative men\u021bionate \u00een prognoza pentru municipiu.<\/p>\n\n\n\n<p>Temperatura maxim\u0103 va ajunge la 30\u202631 de grade, iar temperatura minim\u0103 va fi cuprins\u0103 \u00eentre 14 \u0219i 17 grade. Astfel, \u0219i \u00een Capital\u0103 valorile termice vor r\u0103m\u00e2ne ridicate pentru aceast\u0103 perioad\u0103 a anului.<\/p>\n\n\n\n<p>Pentru noaptea urm\u0103toare, cerul va deveni mai noros, iar aversele vor fi posibile \u00een a doua parte a nop\u021bii. Cantit\u0103\u021bile de ap\u0103 estimate pentru aceste ploi sunt de 2\u20265 l\/mp, iar meteorologii nu exclud apari\u021bia desc\u0103rc\u0103rilor electrice.<\/p>\n\n\n\n<h3 class=\"wp-block-heading\" id=\"temperaturile-minime-de-la-7-la-21-de-grade\"><a href=\"https:\/\/www.capital.ro\/prognoza-meteo-4-septembrie-caldura-ramane-dar-ploile-isi-fac-aparitia-in-mai-multe-zone.html#temperaturile-minime-de-la-7-la-21-de-grade\">Temperaturile minime, de la 7 la 21 de grade<\/a><\/h3>\n\n\n\n<p>La nivel na\u021bional, v\u00e2ntul va avea intensit\u0103\u021bi \u00een general slabe \u0219i moderate, cu intensific\u0103ri de scurt\u0103 durat\u0103 \u00een timpul ploilor, c\u00e2nd vitezele pot ajunge, \u00een general, la 40\u202650 km\/h.<\/p>\n\n\n\n<p>Temperaturile minime vor fi cuprinse \u00eentre 8 grade \u00een depresiunile Carpa\u021bilor Orientali \u0219i 20 de grade pe litoral, potrivit informa\u021biilor din prognoza meteo. Izolat, \u00een anumite zone, va fi cea\u021b\u0103.<\/p>\n\n\n\n<p>Pentru Bucure\u0219ti, temperatura minim\u0103 este estimat\u0103 la 15\u202617 grade, iar cerul va fi variabil, cu \u00eennor\u0103ri \u00een a doua parte a nop\u021bii. Atunci sunt prognozate averse \u0219i posibil desc\u0103rc\u0103ri electrice.<\/p>\n\n\n\n<p>\u00cen restul \u021b\u0103rii, vremea va combina perioadele c\u0103lduroase din sud cu intervale de instabilitate atmosferic\u0103 \u00een mai multe regiuni. Temperaturile maxime vor atinge 33 de grade \u00een sudul Olteniei, \u00een timp ce cele mai sc\u0103zute valori diurne, de 23 de grade, sunt prognozate \u00een estul Transilvaniei.<\/p>\n\n\n\n<p>Sursa: capital<\/p>\n\n\n\n<p><\/p>\n","protected":false},"excerpt":{"rendered":"<p>Din cuprinsul articolului Administra\u021bia Na\u021bional\u0103 de Meteorologie (ANM)&nbsp;a emis prognoza meteo pentru vineri, 4 septembrie 2026. Meteorologii anun\u021b\u0103 o vreme<\/p>\n","protected":false},"author":1,"featured_media":95784,"comment_status":"open","ping_status":"closed","sticky":false,"template":"","format":"standard","meta":{"spay_email":"","footnotes":"","jetpack_publicize_message":""},"categories":[6],"tags":[],"class_list":["post-140924","post","type-post","status-publish","format-standard","has-post-thumbnail","hentry","category-social"],"jetpack_featured_media_url":"https:\/\/realitatearutiera.ro\/wp-content\/uploads\/2023\/02\/meteo-vremea-1-1024x379-1.webp","jetpack_publicize_connections":[],"jetpack_sharing_enabled":true,"jetpack_shortlink":"https:\/\/wp.me\/p61naM-AEY","jetpack-related-posts":[],"_links":{"self":[{"href":"https:\/\/realitatearutiera.ro\/index.php?rest_route=\/wp\/v2\/posts\/140924","targetHints":{"allow":["GET"]}}],"collection":[{"href":"https:\/\/realitatearutiera.ro\/index.php?rest_route=\/wp\/v2\/posts"}],"about":[{"href":"https:\/\/realitatearutiera.ro\/index.php?rest_route=\/wp\/v2\/types\/post"}],"author":[{"embeddable":true,"href":"https:\/\/realitatearutiera.ro\/index.php?rest_route=\/wp\/v2\/users\/1"}],"replies":[{"embeddable":true,"href":"https:\/\/realitatearutiera.ro\/index.php?rest_route=%2Fwp%2Fv2%2Fcomments&post=140924"}],"version-history":[{"count":1,"href":"https:\/\/realitatearutiera.ro\/index.php?rest_route=\/wp\/v2\/posts\/140924\/revisions"}],"predecessor-version":[{"id":140925,"href":"https:\/\/realitatearutiera.ro\/index.php?rest_route=\/wp\/v2\/posts\/140924\/revisions\/140925"}],"wp:featuredmedia":[{"embeddable":true,"href":"https:\/\/realitatearutiera.ro\/index.php?rest_route=\/wp\/v2\/media\/95784"}],"wp:attachment":[{"href":"https:\/\/realitatearutiera.ro\/index.php?rest_route=%2Fwp%2Fv2%2Fmedia&parent=140924"}],"wp:term":[{"taxonomy":"category","embeddable":true,"href":"https:\/\/realitatearutiera.ro\/index.php?rest_route=%2Fwp%2Fv2%2Fcategories&post=140924"},{"taxonomy":"post_tag","embeddable":true,"href":"https:\/\/realitatearutiera.ro\/index.php?rest_route=%2Fwp%2Fv2%2Ftags&post=140924"}],"curies":[{"name":"wp","href":"https:\/\/api.w.org\/{rel}","templated":true}]}}