{"id":140926,"date":"2026-09-04T09:25:59","date_gmt":"2026-09-04T06:25:59","guid":{"rendered":"https:\/\/realitatearutiera.ro\/?p=140926"},"modified":"2026-09-04T09:26:03","modified_gmt":"2026-09-04T06:26:03","slug":"masini-incendiate-in-prahova-doi-adolescenti-acuzati-ca-au-dat-foc-la-instigarea-unui-barbat","status":"publish","type":"post","link":"https:\/\/realitatearutiera.ro\/?p=140926","title":{"rendered":"Ma\u0219ini incendiate \u00een Prahova. Doi adolescen\u021bi, acuza\u021bi c\u0103 au dat foc la instigarea unui b\u0103rbat"},"content":{"rendered":"\n<figure class=\"wp-block-image size-full is-resized\"><img loading=\"lazy\" decoding=\"async\" width=\"800\" height=\"450\" data-attachment-id=\"140927\" data-permalink=\"https:\/\/realitatearutiera.ro\/?attachment_id=140927\" data-orig-file=\"https:\/\/i0.wp.com\/realitatearutiera.ro\/wp-content\/uploads\/2026\/09\/image-39.png?fit=1000%2C563&amp;ssl=1\" data-orig-size=\"1000,563\" data-comments-opened=\"1\" data-image-meta=\"{&quot;aperture&quot;:&quot;0&quot;,&quot;credit&quot;:&quot;&quot;,&quot;camera&quot;:&quot;&quot;,&quot;caption&quot;:&quot;&quot;,&quot;created_timestamp&quot;:&quot;0&quot;,&quot;copyright&quot;:&quot;&quot;,&quot;focal_length&quot;:&quot;0&quot;,&quot;iso&quot;:&quot;0&quot;,&quot;shutter_speed&quot;:&quot;0&quot;,&quot;title&quot;:&quot;&quot;,&quot;orientation&quot;:&quot;0&quot;}\" data-image-title=\"image\" data-image-description=\"\" data-medium-file=\"https:\/\/i0.wp.com\/realitatearutiera.ro\/wp-content\/uploads\/2026\/09\/image-39.png?fit=300%2C169&amp;ssl=1\" data-large-file=\"https:\/\/i0.wp.com\/realitatearutiera.ro\/wp-content\/uploads\/2026\/09\/image-39.png?fit=800%2C450&amp;ssl=1\" src=\"https:\/\/i0.wp.com\/realitatearutiera.ro\/wp-content\/uploads\/2026\/09\/image-39.png?resize=800%2C450&#038;ssl=1\" alt=\"\" class=\"wp-image-140927\" style=\"aspect-ratio:1.7762505782065685;width:583px;height:auto\" srcset=\"https:\/\/i0.wp.com\/realitatearutiera.ro\/wp-content\/uploads\/2026\/09\/image-39.png?w=1000&amp;ssl=1 1000w, https:\/\/i0.wp.com\/realitatearutiera.ro\/wp-content\/uploads\/2026\/09\/image-39.png?resize=300%2C169&amp;ssl=1 300w, https:\/\/i0.wp.com\/realitatearutiera.ro\/wp-content\/uploads\/2026\/09\/image-39.png?resize=768%2C432&amp;ssl=1 768w\" sizes=\"auto, (max-width: 800px) 100vw, 800px\" data-recalc-dims=\"1\" \/><\/figure>\n\n\n\n<p><strong>Ancheta a fost demarat\u0103 acum mai bine de dou\u0103 luni, c\u00e2nd proprietarul autoturismelor a reclamat evenimentele la Poli\u021bie. Un suspect a fost re\u021binut miercuri, \u00een acest caz \u00een care ar fi implica\u021bi \u0219i doi minori.<\/strong><\/p>\n\n\n\n<p>\u201eCercet\u0103rile au fost demarate la data de 25 iunie 2026, \u00een urma unei sesiz\u0103ri prin care un b\u0103rbat, \u00een v\u00e2rst\u0103 de 39 de ani a reclamat faptul c\u0103 cele dou\u0103 autoturisme aflate \u00een proprietatea sa ar fi fost incendiate de persoane necunoscute.<\/p>\n\n\n\n<p>\u00cen urma activit\u0103\u021bilor investigative \u0219i de cercetare desf\u0103\u0219urate de poli\u021bi\u0219ti, sub coordonarea unit\u0103\u021bii de parchet competente, au fost ob\u021binute date \u0219i probe cu privire la \u00eemprejur\u0103rile \u00een care s-ar fi produs faptele sesizate.<\/p>\n\n\n\n<p>Astfel, din cercet\u0103rile efectuate p\u00e2n\u0103 \u00een prezent a rezultat c\u0103, la data de 25 iunie 2026, \u00een timp ce se aflau pe raza comunei Filipe\u0219tii de T\u00e2rg, doi minori, \u00een v\u00e2rst\u0103 de 14 \u0219i 16 ani, ar fi incendiat dou\u0103 autoturisme.<\/p>\n\n\n\n<p>De asemenea, din probatoriul administrat a rezultat c\u0103 cei doi tineri ar fi fost determina\u021bi s\u0103 s\u0103v\u00e2r\u0219easc\u0103 fapta de c\u0103tre b\u0103rbatul \u00een v\u00e2rst\u0103 de 66 de ani, din comuna Flore\u0219ti\u201d, a anun\u021bat, joi, IJP Prahova, la o zi dup\u0103 ce dou\u0103 perchezi\u021bii au avut loc la domiciliile persoane b\u0103nuite c\u0103 ar fi implicate \u00een cele petrecute acum dou\u0103 luni.<\/p>\n\n\n\n<p>\u201e\u00cen cadrul ac\u021biunii, mai multe persoane au fost conduse la sediul poli\u021biei, \u00een baza mandatelor de aducere, pentru audieri \u0219i pentru continuarea activit\u0103\u021bilor procedurale.<\/p>\n\n\n\n<p>\u00cen urma administr\u0103rii probatoriului, fa\u021b\u0103 de b\u0103rbatul de 66 de ani a fost dispus\u0103 m\u0103sura re\u021binerii pentru 24 de ore.<\/p>\n\n\n\n<p>Acesta urmeaz\u0103 s\u0103 fie prezentat unit\u0103\u021bii de parchet competente, \u00een vederea analiz\u0103rii oportunit\u0103\u021bii lu\u0103rii unei alte m\u0103suri preventive.&nbsp;<\/p>\n\n\n\n<p>Cercet\u0103rile sunt continuate pentru stabilirea \u00eentregii activit\u0103\u021bi infrac\u021bionale, precum \u0219i pentru clarificarea tuturor \u00eemprejur\u0103rilor de fapt \u0219i de drept\u201d, a precizat Poli\u021bia.<\/p>\n\n\n\n<p>Video<a href=\"https:\/\/telegrama.ro\/article\/video-un-prahovean-si-a-gasit-masinile-incendiate-faptasii-ar-fi-doi-adolescenti-instigati-de-un-barbat-din-floresti-retinut-si-este-anchetat-in-legatura-cu-cele-intamplate\"> aici<\/a><\/p>\n\n\n\n<p>Sursa\/ foto: telegrama<\/p>\n\n\n\n<p><\/p>\n","protected":false},"excerpt":{"rendered":"<p>Ancheta a fost demarat\u0103 acum mai bine de dou\u0103 luni, c\u00e2nd proprietarul autoturismelor a reclamat evenimentele la Poli\u021bie. Un suspect<\/p>\n","protected":false},"author":1,"featured_media":140927,"comment_status":"open","ping_status":"closed","sticky":false,"template":"","format":"standard","meta":{"spay_email":"","footnotes":"","jetpack_publicize_message":""},"categories":[82],"tags":[],"class_list":["post-140926","post","type-post","status-publish","format-standard","has-post-thumbnail","hentry","category-auto"],"jetpack_featured_media_url":"https:\/\/i0.wp.com\/realitatearutiera.ro\/wp-content\/uploads\/2026\/09\/image-39.png?fit=1000%2C563&ssl=1","jetpack_publicize_connections":[],"jetpack_sharing_enabled":true,"jetpack_shortlink":"https:\/\/wp.me\/p61naM-AF0","jetpack-related-posts":[],"_links":{"self":[{"href":"https:\/\/realitatearutiera.ro\/index.php?rest_route=\/wp\/v2\/posts\/140926","targetHints":{"allow":["GET"]}}],"collection":[{"href":"https:\/\/realitatearutiera.ro\/index.php?rest_route=\/wp\/v2\/posts"}],"about":[{"href":"https:\/\/realitatearutiera.ro\/index.php?rest_route=\/wp\/v2\/types\/post"}],"author":[{"embeddable":true,"href":"https:\/\/realitatearutiera.ro\/index.php?rest_route=\/wp\/v2\/users\/1"}],"replies":[{"embeddable":true,"href":"https:\/\/realitatearutiera.ro\/index.php?rest_route=%2Fwp%2Fv2%2Fcomments&post=140926"}],"version-history":[{"count":1,"href":"https:\/\/realitatearutiera.ro\/index.php?rest_route=\/wp\/v2\/posts\/140926\/revisions"}],"predecessor-version":[{"id":140928,"href":"https:\/\/realitatearutiera.ro\/index.php?rest_route=\/wp\/v2\/posts\/140926\/revisions\/140928"}],"wp:featuredmedia":[{"embeddable":true,"href":"https:\/\/realitatearutiera.ro\/index.php?rest_route=\/wp\/v2\/media\/140927"}],"wp:attachment":[{"href":"https:\/\/realitatearutiera.ro\/index.php?rest_route=%2Fwp%2Fv2%2Fmedia&parent=140926"}],"wp:term":[{"taxonomy":"category","embeddable":true,"href":"https:\/\/realitatearutiera.ro\/index.php?rest_route=%2Fwp%2Fv2%2Fcategories&post=140926"},{"taxonomy":"post_tag","embeddable":true,"href":"https:\/\/realitatearutiera.ro\/index.php?rest_route=%2Fwp%2Fv2%2Ftags&post=140926"}],"curies":[{"name":"wp","href":"https:\/\/api.w.org\/{rel}","templated":true}]}}