{"id":140929,"date":"2026-09-04T09:37:25","date_gmt":"2026-09-04T06:37:25","guid":{"rendered":"https:\/\/realitatearutiera.ro\/?p=140929"},"modified":"2026-09-04T09:37:32","modified_gmt":"2026-09-04T06:37:32","slug":"cu-autoutilitara-furata-si-numere-false-pe-a3-un-barbat-de-55-de-ani-a-fost-arestat-preventiv","status":"publish","type":"post","link":"https:\/\/realitatearutiera.ro\/?p=140929","title":{"rendered":"Cu autoutilitar\u0103 furat\u0103 \u0219i numere false pe A3. Un b\u0103rbat de 55 de ani a fost arestat preventiv"},"content":{"rendered":"\n<figure class=\"wp-block-image size-full\"><img loading=\"lazy\" decoding=\"async\" width=\"780\" height=\"422\" data-attachment-id=\"140930\" data-permalink=\"https:\/\/realitatearutiera.ro\/?attachment_id=140930\" data-orig-file=\"https:\/\/i0.wp.com\/realitatearutiera.ro\/wp-content\/uploads\/2026\/09\/image-40.png?fit=780%2C422&amp;ssl=1\" data-orig-size=\"780,422\" data-comments-opened=\"1\" data-image-meta=\"{&quot;aperture&quot;:&quot;0&quot;,&quot;credit&quot;:&quot;&quot;,&quot;camera&quot;:&quot;&quot;,&quot;caption&quot;:&quot;&quot;,&quot;created_timestamp&quot;:&quot;0&quot;,&quot;copyright&quot;:&quot;&quot;,&quot;focal_length&quot;:&quot;0&quot;,&quot;iso&quot;:&quot;0&quot;,&quot;shutter_speed&quot;:&quot;0&quot;,&quot;title&quot;:&quot;&quot;,&quot;orientation&quot;:&quot;0&quot;}\" data-image-title=\"image\" data-image-description=\"\" data-medium-file=\"https:\/\/i0.wp.com\/realitatearutiera.ro\/wp-content\/uploads\/2026\/09\/image-40.png?fit=300%2C162&amp;ssl=1\" data-large-file=\"https:\/\/i0.wp.com\/realitatearutiera.ro\/wp-content\/uploads\/2026\/09\/image-40.png?fit=780%2C422&amp;ssl=1\" src=\"https:\/\/i0.wp.com\/realitatearutiera.ro\/wp-content\/uploads\/2026\/09\/image-40.png?resize=780%2C422&#038;ssl=1\" alt=\"\" class=\"wp-image-140930\" srcset=\"https:\/\/i0.wp.com\/realitatearutiera.ro\/wp-content\/uploads\/2026\/09\/image-40.png?w=780&amp;ssl=1 780w, https:\/\/i0.wp.com\/realitatearutiera.ro\/wp-content\/uploads\/2026\/09\/image-40.png?resize=300%2C162&amp;ssl=1 300w, https:\/\/i0.wp.com\/realitatearutiera.ro\/wp-content\/uploads\/2026\/09\/image-40.png?resize=768%2C416&amp;ssl=1 768w\" sizes=\"auto, (max-width: 780px) 100vw, 780px\" data-recalc-dims=\"1\" \/><\/figure>\n\n\n\n<p id=\"p-1\"><strong>Un b\u0103rbat \u00een v\u00e2rst\u0103 de 55 de ani, din jude\u021bul S\u0103laj, a fost arestat preventiv pentru 30 de zile dup\u0103 ce ar fi furat o autoutilitar\u0103 din curtea unui imobil din \u0218imleu Silvaniei \u0219i ar fi condus-o pe Autostrada A3 cu pl\u0103cu\u021be de \u00eenmatriculare false.<\/strong><\/p>\n\n\n\n<p id=\"p-2\">Incidentul a avut loc \u00een noaptea de 1 septembrie, \u00een jurul orei 01.50. Poli\u021bi\u0219tii din cadrul Biroului de Poli\u021bie Autostrada A3 au depistat autoutilitara pe sensul de mers C\u00e2mpia Turzii \u2013 N\u0103d\u0103\u0219elu. \u00cen urma verific\u0103rilor, oamenii legii au constatat c\u0103 vehiculul avea montate pl\u0103cu\u021be cu un num\u0103r fals de \u00eenmatriculare.<\/p>\n\n\n\n<p id=\"p-3\">Ancheta poli\u021bi\u0219tilor a scos la iveal\u0103 faptul c\u0103 autoutilitara ar fi fost sustras\u0103 de b\u0103rbat din curtea unui imobil situat \u00een localitatea \u0218imleu Silvaniei.<\/p>\n\n\n\n<p id=\"p-4\">\u00cen urma probatoriului administrat, poli\u021bi\u0219tii au dispus re\u021binerea b\u0103rbatului pentru 24 de ore. Acesta este cercetat pentru s\u0103v\u00e2r\u0219irea infrac\u021biunilor de furt \u0219i conducerea unui vehicul cu num\u0103r fals de \u00eenmatriculare.<\/p>\n\n\n\n<h2 class=\"wp-block-heading\" id=\"chapter-1\">Arestat preventiv pentru 30 de zile<\/h2>\n\n\n\n<p id=\"p-5\">Dosarul a ajuns \u00een aten\u021bia procurorului de caz din cadrul Parchetului de pe l\u00e2ng\u0103 Judec\u0103toria Turda. La data de 2 septembrie, procurorul a formulat propunere de arestare preventiv\u0103.<\/p>\n\n\n\n<p id=\"p-6\">Judec\u0103torul de drepturi \u0219i libert\u0103\u021bi din cadrul Judec\u0103toriei Turda a admis propunerea \u0219i a dispus arestarea preventiv\u0103 a b\u0103rbatului pentru o perioad\u0103 de 30 de zile.<\/p>\n\n\n\n<p>Sursa\/ foto: cluj24<\/p>\n\n\n\n<p><\/p>\n","protected":false},"excerpt":{"rendered":"<p>Un b\u0103rbat \u00een v\u00e2rst\u0103 de 55 de ani, din jude\u021bul S\u0103laj, a fost arestat preventiv pentru 30 de zile dup\u0103<\/p>\n","protected":false},"author":1,"featured_media":140930,"comment_status":"open","ping_status":"closed","sticky":false,"template":"","format":"standard","meta":{"spay_email":"","footnotes":"","jetpack_publicize_message":""},"categories":[82],"tags":[],"class_list":["post-140929","post","type-post","status-publish","format-standard","has-post-thumbnail","hentry","category-auto"],"jetpack_featured_media_url":"https:\/\/i0.wp.com\/realitatearutiera.ro\/wp-content\/uploads\/2026\/09\/image-40.png?fit=780%2C422&ssl=1","jetpack_publicize_connections":[],"jetpack_sharing_enabled":true,"jetpack_shortlink":"https:\/\/wp.me\/p61naM-AF3","jetpack-related-posts":[],"_links":{"self":[{"href":"https:\/\/realitatearutiera.ro\/index.php?rest_route=\/wp\/v2\/posts\/140929","targetHints":{"allow":["GET"]}}],"collection":[{"href":"https:\/\/realitatearutiera.ro\/index.php?rest_route=\/wp\/v2\/posts"}],"about":[{"href":"https:\/\/realitatearutiera.ro\/index.php?rest_route=\/wp\/v2\/types\/post"}],"author":[{"embeddable":true,"href":"https:\/\/realitatearutiera.ro\/index.php?rest_route=\/wp\/v2\/users\/1"}],"replies":[{"embeddable":true,"href":"https:\/\/realitatearutiera.ro\/index.php?rest_route=%2Fwp%2Fv2%2Fcomments&post=140929"}],"version-history":[{"count":1,"href":"https:\/\/realitatearutiera.ro\/index.php?rest_route=\/wp\/v2\/posts\/140929\/revisions"}],"predecessor-version":[{"id":140931,"href":"https:\/\/realitatearutiera.ro\/index.php?rest_route=\/wp\/v2\/posts\/140929\/revisions\/140931"}],"wp:featuredmedia":[{"embeddable":true,"href":"https:\/\/realitatearutiera.ro\/index.php?rest_route=\/wp\/v2\/media\/140930"}],"wp:attachment":[{"href":"https:\/\/realitatearutiera.ro\/index.php?rest_route=%2Fwp%2Fv2%2Fmedia&parent=140929"}],"wp:term":[{"taxonomy":"category","embeddable":true,"href":"https:\/\/realitatearutiera.ro\/index.php?rest_route=%2Fwp%2Fv2%2Fcategories&post=140929"},{"taxonomy":"post_tag","embeddable":true,"href":"https:\/\/realitatearutiera.ro\/index.php?rest_route=%2Fwp%2Fv2%2Ftags&post=140929"}],"curies":[{"name":"wp","href":"https:\/\/api.w.org\/{rel}","templated":true}]}}