{"id":15340,"date":"2016-11-09T15:45:04","date_gmt":"2016-11-09T13:45:04","guid":{"rendered":"http:\/\/realitatearutiera.ro\/?p=15340"},"modified":"2016-11-09T15:12:44","modified_gmt":"2016-11-09T13:12:44","slug":"incendiu-de-proportii-la-o-hala-aflata-pe-soseaua-stefanesti","status":"publish","type":"post","link":"https:\/\/realitatearutiera.ro\/?p=15340","title":{"rendered":"Incendiu de propor\u0163ii la o hal\u0103 aflat\u0103 pe \u015foseaua \u015etef\u0103ne\u015fti"},"content":{"rendered":"<p><a href=\"http:\/\/www.agerpres.ro\/social\/2016\/11\/09\/incendiu-la-o-hala-in-sos-stefanesti-ard-mase-plastice-pe-aproximativ-500-de-metri-patrati-09-57-50\" target=\"_blank\">Un incendiu a izbucnit miercuri la o hal\u0103 aflat\u0103 pe \u0219oseaua \u0218tef\u0103ne\u0219ti, fl\u0103c\u0103rile cuprinz\u00e2nd aproximativ 500 de metri p\u0103tra\u021bi<\/a>.<\/p>\n<p>\u0218ase persoane au fost r\u0103nite miercuri \u00een incendiul produs la o hal\u0103 de pe \u0219os. \u0218tef\u0103ne\u0219ti, una dintre ele fiind internat\u0103 \u00een prezent pe Sec\u021bia de ar\u0219i grav a Spitalului de Urgen\u021b\u0103 Floreasca din Capital\u0103, cu arsuri de c\u0103i aeriene superioare, fiind intubat\u0103.<\/p>\n<p>&#8220;Au fost \u0219ase persoane r\u0103nite. Doi (r\u0103ni\u021bi \u2014 n.r.) au fost du\u0219i la Spitalul &#8220;Sf\u00e2ntul Pantelimon&#8221;, trei la Spitalul Floreasca, iar un altul s-a prezentat singur la Floreasca. Patru r\u0103ni\u021bi se afl\u0103 la Floreasca. Trei dintre ace\u0219tia vor r\u0103m\u00e2ne interna\u021bi \u00een Sec\u021bia de chirurgie plastic\u0103, av\u00e2nd doar arsuri la nivelul fe\u021bei. Cel de-al patrulea pacient, r\u0103nit mai grav \u0219i care avea semne de arsuri de c\u0103i aeriene superioare dar \u0219i arsuri mai grave la nivelul fe\u021bei \u0219i al cavit\u0103\u021bii bucale, a fost intubat \u0219i este internat \u00een Sec\u021bia de ar\u0219i grav&#8221;, a declarat coordonatorul SMURD Bucure\u0219ti, medicul Bogdan Opri\u021ba.<\/p>\n<p>Managerul Spitalului &#8220;Sf\u00e2ntul Pantelimon&#8221;, Gheorghe Popescu, a precizat, la r\u00e2ndul s\u0103u, c\u0103 cei doi tineri adu\u0219i \u00een unitatea medical\u0103 prezint\u0103 arsuri pe 7 \u2014 8% din suprafa\u021ba corpului.<\/p>\n<p>&#8220;Avem doi tineri de 23 \u0219i 28 de ani, ar\u0219i \u00een propor\u021bie de 7 \u2014 8%. Este \u0219i medicul ORL-ist s\u0103 \u00eei consulte s\u0103 vad\u0103 dac\u0103 sunt arsuri de c\u0103i respiratorii, nazale. \u00cen prezent, sunt evalua\u021bi&#8221;, a spus reprezentantul spitalului.<\/p>\n<p>Sursa:agerpres.ro<\/p>\n","protected":false},"excerpt":{"rendered":"<p>Un incendiu a izbucnit miercuri la o hal\u0103 aflat\u0103 pe \u0219oseaua \u0218tef\u0103ne\u0219ti, fl\u0103c\u0103rile cuprinz\u00e2nd aproximativ 500 de metri p\u0103tra\u021bi. \u0218ase<\/p>\n","protected":false},"author":1,"featured_media":15341,"comment_status":"closed","ping_status":"closed","sticky":false,"template":"","format":"standard","meta":{"spay_email":"","footnotes":"","jetpack_publicize_message":""},"categories":[11],"tags":[],"class_list":["post-15340","post","type-post","status-publish","format-standard","has-post-thumbnail","hentry","category-stiri-interne"],"jetpack_featured_media_url":"https:\/\/i2.wp.com\/realitatearutiera.ro\/wp-content\/uploads\/2016\/11\/incendiu.jpg?fit=%2C&ssl=1","jetpack_publicize_connections":[],"jetpack_sharing_enabled":true,"jetpack_shortlink":"https:\/\/wp.me\/p61naM-3Zq","jetpack-related-posts":[],"_links":{"self":[{"href":"https:\/\/realitatearutiera.ro\/index.php?rest_route=\/wp\/v2\/posts\/15340","targetHints":{"allow":["GET"]}}],"collection":[{"href":"https:\/\/realitatearutiera.ro\/index.php?rest_route=\/wp\/v2\/posts"}],"about":[{"href":"https:\/\/realitatearutiera.ro\/index.php?rest_route=\/wp\/v2\/types\/post"}],"author":[{"embeddable":true,"href":"https:\/\/realitatearutiera.ro\/index.php?rest_route=\/wp\/v2\/users\/1"}],"replies":[{"embeddable":true,"href":"https:\/\/realitatearutiera.ro\/index.php?rest_route=%2Fwp%2Fv2%2Fcomments&post=15340"}],"version-history":[{"count":1,"href":"https:\/\/realitatearutiera.ro\/index.php?rest_route=\/wp\/v2\/posts\/15340\/revisions"}],"predecessor-version":[{"id":15343,"href":"https:\/\/realitatearutiera.ro\/index.php?rest_route=\/wp\/v2\/posts\/15340\/revisions\/15343"}],"wp:featuredmedia":[{"embeddable":true,"href":"https:\/\/realitatearutiera.ro\/index.php?rest_route=\/wp\/v2\/media\/15341"}],"wp:attachment":[{"href":"https:\/\/realitatearutiera.ro\/index.php?rest_route=%2Fwp%2Fv2%2Fmedia&parent=15340"}],"wp:term":[{"taxonomy":"category","embeddable":true,"href":"https:\/\/realitatearutiera.ro\/index.php?rest_route=%2Fwp%2Fv2%2Fcategories&post=15340"},{"taxonomy":"post_tag","embeddable":true,"href":"https:\/\/realitatearutiera.ro\/index.php?rest_route=%2Fwp%2Fv2%2Ftags&post=15340"}],"curies":[{"name":"wp","href":"https:\/\/api.w.org\/{rel}","templated":true}]}}