{"id":15347,"date":"2016-11-10T09:20:47","date_gmt":"2016-11-10T07:20:47","guid":{"rendered":"http:\/\/realitatearutiera.ro\/?p=15347"},"modified":"2016-11-10T08:56:34","modified_gmt":"2016-11-10T06:56:34","slug":"militar-grav-ranit-in-timp-ce-punea-in-functiune-instalatia-de-incalzire","status":"publish","type":"post","link":"https:\/\/realitatearutiera.ro\/?p=15347","title":{"rendered":"Militar grav r\u0103nit \u00een timp ce punea \u00een func\u0163iune instala\u0163ia de \u00eenc\u0103lzire!"},"content":{"rendered":"<p><b>Un militar a fost r\u0103nit foarte grav \u00een timp ce \u00eencerca s\u0103 pun\u0103 \u00een func\u0163iune instala\u0163ia de \u00eenc\u0103lzire la Cabana militar\u0103 de instruire Cheia, el fiind transportat la Spitalul Militar din Capital\u0103 cu arsuri de gradul III \u015fi IV pe aproximativ 90% din suprafa\u0163a corpului, potrivit MAPN<\/b><\/p>\n<p>&#8220;Un militar din cadrul Bazei sprijin logistic \u201eMuntenia\u201d a suferit un accident \u00een timpul serviciului de paz\u0103, miercuri, 9 noiembrie, \u00een jurul orei 16.00, la Cabana militar\u0103 de instruire Cheia. Accidentul a survenit pe timpul punerii \u00een func\u0163iune a instala\u0163iei de \u00eenc\u0103lzire, procedur\u0103 care intra \u00een atribu\u0163iile de serviciu ale militarului. Caporalului clasa a III-a Georgel Gu\u0163\u0103, \u00een v\u00e2rst\u0103 de 31 de ani, angajat al MApN din anul 2009, i s-a acordat primul ajutor la fa\u0163a locului \u015fi a fost transportat de un echipaj al ISU, sesizat prin Serviciul de urgen\u0163\u0103 112, la Spitalul Universitar de Urgen\u0163\u0103 Militar Central Dr. Carol Davila (SUUMC) din Bucure\u015fti&#8221;, potrivit unui comunicat de pres\u0103 al Ministerului Ap\u0103r\u0103rii Na\u0163ionale, remis miercuri sear\u0103 MEDIAFAX.<\/p>\n<p>B\u0103rbatul are arsuri de gradul III \u015fi IV pe aproximativ 90% din suprafa\u0163a corpului, cu interesare facial\u0103, torace anterior \u015fi posterior, abdomen drept (hemitrunchi drept), ambele membre superioare \u015fi inferioare, cu suspiciune de arsuri de c\u0103i aeriene superioare.<\/p>\n","protected":false},"excerpt":{"rendered":"<p>Un militar a fost r\u0103nit foarte grav \u00een timp ce \u00eencerca s\u0103 pun\u0103 \u00een func\u0163iune instala\u0163ia de \u00eenc\u0103lzire la Cabana<\/p>\n","protected":false},"author":1,"featured_media":15351,"comment_status":"closed","ping_status":"closed","sticky":false,"template":"","format":"standard","meta":{"spay_email":"","footnotes":"","jetpack_publicize_message":""},"categories":[11],"tags":[],"class_list":["post-15347","post","type-post","status-publish","format-standard","has-post-thumbnail","hentry","category-stiri-interne"],"jetpack_featured_media_url":"https:\/\/i2.wp.com\/realitatearutiera.ro\/wp-content\/uploads\/2016\/11\/images-11.jpg?fit=275%2C183&ssl=1","jetpack_publicize_connections":[],"jetpack_sharing_enabled":true,"jetpack_shortlink":"https:\/\/wp.me\/p61naM-3Zx","jetpack-related-posts":[],"_links":{"self":[{"href":"https:\/\/realitatearutiera.ro\/index.php?rest_route=\/wp\/v2\/posts\/15347","targetHints":{"allow":["GET"]}}],"collection":[{"href":"https:\/\/realitatearutiera.ro\/index.php?rest_route=\/wp\/v2\/posts"}],"about":[{"href":"https:\/\/realitatearutiera.ro\/index.php?rest_route=\/wp\/v2\/types\/post"}],"author":[{"embeddable":true,"href":"https:\/\/realitatearutiera.ro\/index.php?rest_route=\/wp\/v2\/users\/1"}],"replies":[{"embeddable":true,"href":"https:\/\/realitatearutiera.ro\/index.php?rest_route=%2Fwp%2Fv2%2Fcomments&post=15347"}],"version-history":[{"count":1,"href":"https:\/\/realitatearutiera.ro\/index.php?rest_route=\/wp\/v2\/posts\/15347\/revisions"}],"predecessor-version":[{"id":15353,"href":"https:\/\/realitatearutiera.ro\/index.php?rest_route=\/wp\/v2\/posts\/15347\/revisions\/15353"}],"wp:featuredmedia":[{"embeddable":true,"href":"https:\/\/realitatearutiera.ro\/index.php?rest_route=\/wp\/v2\/media\/15351"}],"wp:attachment":[{"href":"https:\/\/realitatearutiera.ro\/index.php?rest_route=%2Fwp%2Fv2%2Fmedia&parent=15347"}],"wp:term":[{"taxonomy":"category","embeddable":true,"href":"https:\/\/realitatearutiera.ro\/index.php?rest_route=%2Fwp%2Fv2%2Fcategories&post=15347"},{"taxonomy":"post_tag","embeddable":true,"href":"https:\/\/realitatearutiera.ro\/index.php?rest_route=%2Fwp%2Fv2%2Ftags&post=15347"}],"curies":[{"name":"wp","href":"https:\/\/api.w.org\/{rel}","templated":true}]}}