{"id":15744,"date":"2016-11-18T08:44:16","date_gmt":"2016-11-18T06:44:16","guid":{"rendered":"http:\/\/realitatearutiera.ro\/?p=15744"},"modified":"2016-11-17T16:10:54","modified_gmt":"2016-11-17T14:10:54","slug":"accident-soldat-cu-4-victime-pe-de-70","status":"publish","type":"post","link":"https:\/\/realitatearutiera.ro\/?p=15744","title":{"rendered":"Accident soldat cu 4 victime pe DE 70"},"content":{"rendered":"<p>Neaten\u0163ia unui \u015fofer a dus la producerea unui grav accident de circula\u0163ie, \u00een urma c\u0103ruia patru persoane au ajuns la spital. \u201d\u00cen ziua de 16.11.2016, \u00een timp ce un b\u0103rbat \u00een v\u00e2rst\u0103 de 58 de ani din municipiul Bucure\u015fti conducea un autoturism pe DE 70 km, \u00een afara localit\u0103\u0163ii Plosca, av\u00e2nd alte preocup\u0103ri \u00een timpul mersului \u00a0de natur\u0103 a-i distrage aten\u0163ia a pierdut controlul asupra direc\u0163iei de mers, a p\u0103truns pe contrasens unde a lovit frontal un autoturism condus regulamentar de \u00a0un b\u0103rbat \u00een v\u00e2rst\u0103 de 42 ani din comuna Scrioa\u015ftea, \u00a0jude\u0163ul Teleorman\u201d, informeaz\u0103 IPJ Teleorman. \u00cen urma impactului a rezultat r\u0103nirea celor doi conduc\u0103tori auto \u015fi a altor doi pasageri ai autoturismului care circula regulamentar.\u00a0Ambii conduc\u0103tori auto au fost testa\u0163i cu aparatul alcooltest, rezultatele fiind negative. Poli\u0163i\u015ftii au \u00eentocmit dosar penal sub aspectul s\u0103v\u00e2r\u015firii infrac\u0163iunii de ,,V\u0103t\u0103mare corporal\u0103 din culp\u0103,, \u00a0urm\u00e2nd a se propune solu\u0163ie prin Parchet.<\/p>\n","protected":false},"excerpt":{"rendered":"<p>Neaten\u0163ia unui \u015fofer a dus la producerea unui grav accident de circula\u0163ie, \u00een urma c\u0103ruia patru persoane au ajuns la<\/p>\n","protected":false},"author":1,"featured_media":7039,"comment_status":"closed","ping_status":"closed","sticky":false,"template":"","format":"standard","meta":{"spay_email":"","footnotes":"","jetpack_publicize_message":""},"categories":[1],"tags":[],"class_list":["post-15744","post","type-post","status-publish","format-standard","has-post-thumbnail","hentry","category-uncategorized"],"jetpack_featured_media_url":"https:\/\/i1.wp.com\/realitatearutiera.ro\/wp-content\/uploads\/2016\/02\/accident-punctele-cardinale-noaptea-3.jpg?fit=700%2C525&ssl=1","jetpack_publicize_connections":[],"jetpack_sharing_enabled":true,"jetpack_shortlink":"https:\/\/wp.me\/p61naM-45W","jetpack-related-posts":[],"_links":{"self":[{"href":"https:\/\/realitatearutiera.ro\/index.php?rest_route=\/wp\/v2\/posts\/15744","targetHints":{"allow":["GET"]}}],"collection":[{"href":"https:\/\/realitatearutiera.ro\/index.php?rest_route=\/wp\/v2\/posts"}],"about":[{"href":"https:\/\/realitatearutiera.ro\/index.php?rest_route=\/wp\/v2\/types\/post"}],"author":[{"embeddable":true,"href":"https:\/\/realitatearutiera.ro\/index.php?rest_route=\/wp\/v2\/users\/1"}],"replies":[{"embeddable":true,"href":"https:\/\/realitatearutiera.ro\/index.php?rest_route=%2Fwp%2Fv2%2Fcomments&post=15744"}],"version-history":[{"count":1,"href":"https:\/\/realitatearutiera.ro\/index.php?rest_route=\/wp\/v2\/posts\/15744\/revisions"}],"predecessor-version":[{"id":15745,"href":"https:\/\/realitatearutiera.ro\/index.php?rest_route=\/wp\/v2\/posts\/15744\/revisions\/15745"}],"wp:featuredmedia":[{"embeddable":true,"href":"https:\/\/realitatearutiera.ro\/index.php?rest_route=\/wp\/v2\/media\/7039"}],"wp:attachment":[{"href":"https:\/\/realitatearutiera.ro\/index.php?rest_route=%2Fwp%2Fv2%2Fmedia&parent=15744"}],"wp:term":[{"taxonomy":"category","embeddable":true,"href":"https:\/\/realitatearutiera.ro\/index.php?rest_route=%2Fwp%2Fv2%2Fcategories&post=15744"},{"taxonomy":"post_tag","embeddable":true,"href":"https:\/\/realitatearutiera.ro\/index.php?rest_route=%2Fwp%2Fv2%2Ftags&post=15744"}],"curies":[{"name":"wp","href":"https:\/\/api.w.org\/{rel}","templated":true}]}}