{"id":16439,"date":"2016-12-05T09:27:18","date_gmt":"2016-12-05T07:27:18","guid":{"rendered":"http:\/\/realitatearutiera.ro\/?p=16439"},"modified":"2016-12-05T09:27:18","modified_gmt":"2016-12-05T07:27:18","slug":"grav-accident-in-judetul-brasov-6-victime-au-ajuns-la-spital","status":"publish","type":"post","link":"https:\/\/realitatearutiera.ro\/?p=16439","title":{"rendered":"GRAV ACCIDENT \u00een jude\u021bul Bra\u0219ov, 6 victime au ajuns la spital"},"content":{"rendered":"<p>Accident grav \u00een aceast\u0103 diminea\u0163\u0103 \u00een satul Predelu\u0163, comuna Bran (jude\u0163ul Bra\u015fov), \u00eentre un autoturism \u015fi o autoutilitar\u0103.<\/p>\n<p>Potrivit purt\u0103torului de cuv\u00e2nt al\u00a0Ambulan\u0163ei Bra\u015fov, dr. Adriana Palaghiea, sunt \u015fase victime, care au fost transportate la spital de dou\u0103 echipaje SMURD \u015fi trei ambulan\u0163e. Purt\u0103torul de cuv\u00e2nt al ISU Bra\u015fov, plt. Luiza D\u0103nil\u0103, a precizat c\u0103 una dintre victime este \u00een stare grav\u0103, av\u00e2nd un traumatism cranio-cerebral, este suspect\u0103 de fractur\u0103 de bazin \u015fi fractur\u0103 la un picioar.<\/p>\n<p>sursa: adevarul.ro<\/p>\n","protected":false},"excerpt":{"rendered":"<p>Accident grav \u00een aceast\u0103 diminea\u0163\u0103 \u00een satul Predelu\u0163, comuna Bran (jude\u0163ul Bra\u015fov), \u00eentre un autoturism \u015fi o autoutilitar\u0103. Potrivit purt\u0103torului<\/p>\n","protected":false},"author":1,"featured_media":8008,"comment_status":"closed","ping_status":"closed","sticky":false,"template":"","format":"standard","meta":{"spay_email":"","footnotes":"","jetpack_publicize_message":""},"categories":[1],"tags":[],"class_list":["post-16439","post","type-post","status-publish","format-standard","has-post-thumbnail","hentry","category-uncategorized"],"jetpack_featured_media_url":"https:\/\/i0.wp.com\/realitatearutiera.ro\/wp-content\/uploads\/2016\/03\/accident-semn.jpg?fit=600%2C350&ssl=1","jetpack_publicize_connections":[],"jetpack_sharing_enabled":true,"jetpack_shortlink":"https:\/\/wp.me\/p61naM-4h9","jetpack-related-posts":[],"_links":{"self":[{"href":"https:\/\/realitatearutiera.ro\/index.php?rest_route=\/wp\/v2\/posts\/16439","targetHints":{"allow":["GET"]}}],"collection":[{"href":"https:\/\/realitatearutiera.ro\/index.php?rest_route=\/wp\/v2\/posts"}],"about":[{"href":"https:\/\/realitatearutiera.ro\/index.php?rest_route=\/wp\/v2\/types\/post"}],"author":[{"embeddable":true,"href":"https:\/\/realitatearutiera.ro\/index.php?rest_route=\/wp\/v2\/users\/1"}],"replies":[{"embeddable":true,"href":"https:\/\/realitatearutiera.ro\/index.php?rest_route=%2Fwp%2Fv2%2Fcomments&post=16439"}],"version-history":[{"count":1,"href":"https:\/\/realitatearutiera.ro\/index.php?rest_route=\/wp\/v2\/posts\/16439\/revisions"}],"predecessor-version":[{"id":16440,"href":"https:\/\/realitatearutiera.ro\/index.php?rest_route=\/wp\/v2\/posts\/16439\/revisions\/16440"}],"wp:featuredmedia":[{"embeddable":true,"href":"https:\/\/realitatearutiera.ro\/index.php?rest_route=\/wp\/v2\/media\/8008"}],"wp:attachment":[{"href":"https:\/\/realitatearutiera.ro\/index.php?rest_route=%2Fwp%2Fv2%2Fmedia&parent=16439"}],"wp:term":[{"taxonomy":"category","embeddable":true,"href":"https:\/\/realitatearutiera.ro\/index.php?rest_route=%2Fwp%2Fv2%2Fcategories&post=16439"},{"taxonomy":"post_tag","embeddable":true,"href":"https:\/\/realitatearutiera.ro\/index.php?rest_route=%2Fwp%2Fv2%2Ftags&post=16439"}],"curies":[{"name":"wp","href":"https:\/\/api.w.org\/{rel}","templated":true}]}}