{"id":16531,"date":"2016-12-06T15:41:42","date_gmt":"2016-12-06T13:41:42","guid":{"rendered":"http:\/\/realitatearutiera.ro\/?p=16531"},"modified":"2016-12-06T15:41:42","modified_gmt":"2016-12-06T13:41:42","slug":"ministrul-transporturilor-mai-face-o-sosea","status":"publish","type":"post","link":"https:\/\/realitatearutiera.ro\/?p=16531","title":{"rendered":"Ministrul Transporturilor mai face o \u0219osea"},"content":{"rendered":"<p>Ministrul Transporturilor, Sorin Bu\u015fe \u015fi directorul general al Companiei Na\u0163ionale de Administrare a Infrastructurii Rutiere, C\u0103t\u0103lin Homor au inspectat \u015fantierul centurii municipiului Craiova.Varianta de ocolire Craiova Sud are o lungime de 6,3 km, este prev\u0103zut\u0103 cu un pasaj cu o deschidere total\u0103 de 227 m, 11 pode\u0163e transversale \u015fi opt pentru drumurile agricole, 9 sta\u0163ii de preepurare \u015fi bazine de reten\u0163ie \u015fi platforme de siguran\u0163\u0103. \u201cReu\u015fim s\u0103 dechidem traficului aceast\u0103 variant\u0103 ocolitoare acum, \u00eenaintea sezonului de iarn\u0103. Am \u0163inut ca lucrarea s\u0103 fie finalizat\u0103 acum, de\u015fi au fost \u00eent\u00e2rzieri din cauza problemelor de calitate, iar noi nu am vrut s\u0103 facem rabat de la calitate. C\u00e2nd am v\u0103zut c\u0103 nu este calitate, am cerut s\u0103 se refac\u0103 totul, \u00een a\u015fa fel \u00eenc\u00e2t s\u0103 corespund\u0103 cerin\u0163elor de calitatez\u201d, a spus Sorin Bu\u015fe.\u00a0 Reprezentan\u0163ii Companiei Ford au salutat inaugurarea Centurii de Sud a Craiovei, despre care au spus c\u0103 este \u201cun proiect de importan\u0163\u0103 semnificativ\u0103 pentru Craiova \u015fi pentru regiune\u201d. \u201cNe bucur\u0103m s\u0103 constat\u0103m progresul \u015fi \u00een alte proiecte de infrastructur\u0103 de importan\u0163\u0103 strategic\u0103 \u015fi vom continua s\u0103 monitoriz\u0103m \u00eendeaproape implementarea acestora, sper\u00e2nd totodat\u0103 c\u0103 acestea se vor \u00eencadra \u00een calendarul anun\u0163at deja de autorit\u0103\u0163i\u201d, au afirmat reprezentan\u0163ii Ford, cita\u0163i de Agerpres.<\/p>\n<p><img decoding=\"async\" src=\"https:\/\/i2.wp.com\/www.capital.ro\/uploads\/2016-12\/centr-cr-3.jpg?w=800\" data-recalc-dims=\"1\" \/><\/p>\n<p>&nbsp;<\/p>\n<p>&nbsp;<\/p>\n","protected":false},"excerpt":{"rendered":"<p>Ministrul Transporturilor, Sorin Bu\u015fe \u015fi directorul general al Companiei Na\u0163ionale de Administrare a Infrastructurii Rutiere, C\u0103t\u0103lin Homor au inspectat \u015fantierul<\/p>\n","protected":false},"author":1,"featured_media":2864,"comment_status":"closed","ping_status":"closed","sticky":false,"template":"","format":"standard","meta":{"spay_email":"","footnotes":"","jetpack_publicize_message":""},"categories":[11],"tags":[],"class_list":["post-16531","post","type-post","status-publish","format-standard","has-post-thumbnail","hentry","category-stiri-interne"],"jetpack_featured_media_url":"https:\/\/i0.wp.com\/realitatearutiera.ro\/wp-content\/uploads\/2015\/07\/autostrada.jpg?fit=1986%2C790&ssl=1","jetpack_publicize_connections":[],"jetpack_sharing_enabled":true,"jetpack_shortlink":"https:\/\/wp.me\/p61naM-4iD","jetpack-related-posts":[],"_links":{"self":[{"href":"https:\/\/realitatearutiera.ro\/index.php?rest_route=\/wp\/v2\/posts\/16531","targetHints":{"allow":["GET"]}}],"collection":[{"href":"https:\/\/realitatearutiera.ro\/index.php?rest_route=\/wp\/v2\/posts"}],"about":[{"href":"https:\/\/realitatearutiera.ro\/index.php?rest_route=\/wp\/v2\/types\/post"}],"author":[{"embeddable":true,"href":"https:\/\/realitatearutiera.ro\/index.php?rest_route=\/wp\/v2\/users\/1"}],"replies":[{"embeddable":true,"href":"https:\/\/realitatearutiera.ro\/index.php?rest_route=%2Fwp%2Fv2%2Fcomments&post=16531"}],"version-history":[{"count":1,"href":"https:\/\/realitatearutiera.ro\/index.php?rest_route=\/wp\/v2\/posts\/16531\/revisions"}],"predecessor-version":[{"id":16534,"href":"https:\/\/realitatearutiera.ro\/index.php?rest_route=\/wp\/v2\/posts\/16531\/revisions\/16534"}],"wp:featuredmedia":[{"embeddable":true,"href":"https:\/\/realitatearutiera.ro\/index.php?rest_route=\/wp\/v2\/media\/2864"}],"wp:attachment":[{"href":"https:\/\/realitatearutiera.ro\/index.php?rest_route=%2Fwp%2Fv2%2Fmedia&parent=16531"}],"wp:term":[{"taxonomy":"category","embeddable":true,"href":"https:\/\/realitatearutiera.ro\/index.php?rest_route=%2Fwp%2Fv2%2Fcategories&post=16531"},{"taxonomy":"post_tag","embeddable":true,"href":"https:\/\/realitatearutiera.ro\/index.php?rest_route=%2Fwp%2Fv2%2Ftags&post=16531"}],"curies":[{"name":"wp","href":"https:\/\/api.w.org\/{rel}","templated":true}]}}