{"id":16733,"date":"2016-12-12T12:50:17","date_gmt":"2016-12-12T10:50:17","guid":{"rendered":"http:\/\/realitatearutiera.ro\/?p=16733"},"modified":"2016-12-12T11:00:15","modified_gmt":"2016-12-12T09:00:15","slug":"manifestari-de-amploare-in-barcelona-impotriva-hainelor-de-blana","status":"publish","type":"post","link":"https:\/\/realitatearutiera.ro\/?p=16733","title":{"rendered":"Manifest\u0103ri de amploare \u00een Barcelona \u00eempotriva hainelor de blan\u0103"},"content":{"rendered":"<p class=\"intro\">Zeci de manifestan\u021bi goi cu trupurile vopsite \u00een culoarea ro\u0219ie a s\u00e2ngelui s-au reunit duminic\u0103, \u00een centrul ora\u0219ului Barcelona, pentru a protesta \u00eempotriva hainelor de blan\u0103, relateaz\u0103 AFP.<\/p>\n<div class=\"image-wrapper medium-image mb25\"><img decoding=\"async\" src=\"http:\/\/www.agerpres.ro\/agerpres\/imageResize?path=%2Fmedia%2Fimages%2F2016-12%2F12120916194792812.jpg&amp;size=6\" \/><\/div>\n<p>&#8220;C\u00e2te vie\u021bi sacrificate pentru o hain\u0103&#8221;, se putea citi pe o pancart\u0103 purtat\u0103 de Luisa Escribano, 53 de ani \u0219i de fiica sa Barbara, 21 de ani, \u00eengenuncheate \u00een mijlocul altor manifestan\u021bi z\u0103c\u00e2nd iner\u021bi unii l\u00e2ng\u0103 al\u021bii.<\/p>\n<p>Luisa este de p\u0103rere c\u0103 &#8220;trebuie s\u0103 fie atras\u0103 aten\u021bia asupra a ceea ce li se \u00eent\u00e2mpl\u0103 animalelor, a c\u0103ror soart\u0103 este amplu ignorat\u0103 de publicul larg&#8221;. &#8220;Hainele de blan\u0103 sunt asociate, \u00een mod gre\u0219it, luxului \u0219i modei&#8221;, a subliniat \u0219i Aida Gascon, responsabil\u0103 a ramurii spaniole a organiza\u021biei de ap\u0103rare a drepturilor animalelor AnimaNaturalis, care a convocat manifesta\u021bia.<\/p>\n<p>\u00cen fiecare an, peste 60 de milioane de animale din lume \u2014 din care peste 32 de milioane \u00een Uniunea European\u0103 \u2014 sunt ucise pentru blana lor din care se confec\u021bioneaz\u0103 mantouri \u0219i alte articole vestimentare&#8221;, potrivit AnimaNaturalis.<\/p>\n<p>Europa produce 70% din bl\u0103nurile de vizon purtate \u00een \u00eentreaga lume \u0219i 63% din bl\u0103nurile de vulpe, potrivit organiza\u021biei.<\/p>\n<p>Danemarca \u0219i Finlanda sunt cei mai importan\u021bi produc\u0103tori \u0219i exportatori de blan\u0103 de vulpe \u0219i de vizon din lume. Rusia, Canada \u0219i Olanda sunt de asemenea produc\u0103tori importan\u021bi, \u00eencheie AFP.<\/p>\n<p>sursa: agerpres<\/p>\n","protected":false},"excerpt":{"rendered":"<p>Zeci de manifestan\u021bi goi cu trupurile vopsite \u00een culoarea ro\u0219ie a s\u00e2ngelui s-au reunit duminic\u0103, \u00een centrul ora\u0219ului Barcelona, pentru<\/p>\n","protected":false},"author":1,"featured_media":16734,"comment_status":"closed","ping_status":"closed","sticky":false,"template":"","format":"standard","meta":{"spay_email":"","footnotes":"","jetpack_publicize_message":""},"categories":[12],"tags":[],"class_list":["post-16733","post","type-post","status-publish","format-standard","has-post-thumbnail","hentry","category-stiri-internationale"],"jetpack_featured_media_url":"https:\/\/i2.wp.com\/realitatearutiera.ro\/wp-content\/uploads\/2016\/12\/protest_56392300.jpg?fit=%2C&ssl=1","jetpack_publicize_connections":[],"jetpack_sharing_enabled":true,"jetpack_shortlink":"https:\/\/wp.me\/p61naM-4lT","jetpack-related-posts":[],"_links":{"self":[{"href":"https:\/\/realitatearutiera.ro\/index.php?rest_route=\/wp\/v2\/posts\/16733","targetHints":{"allow":["GET"]}}],"collection":[{"href":"https:\/\/realitatearutiera.ro\/index.php?rest_route=\/wp\/v2\/posts"}],"about":[{"href":"https:\/\/realitatearutiera.ro\/index.php?rest_route=\/wp\/v2\/types\/post"}],"author":[{"embeddable":true,"href":"https:\/\/realitatearutiera.ro\/index.php?rest_route=\/wp\/v2\/users\/1"}],"replies":[{"embeddable":true,"href":"https:\/\/realitatearutiera.ro\/index.php?rest_route=%2Fwp%2Fv2%2Fcomments&post=16733"}],"version-history":[{"count":1,"href":"https:\/\/realitatearutiera.ro\/index.php?rest_route=\/wp\/v2\/posts\/16733\/revisions"}],"predecessor-version":[{"id":16735,"href":"https:\/\/realitatearutiera.ro\/index.php?rest_route=\/wp\/v2\/posts\/16733\/revisions\/16735"}],"wp:featuredmedia":[{"embeddable":true,"href":"https:\/\/realitatearutiera.ro\/index.php?rest_route=\/wp\/v2\/media\/16734"}],"wp:attachment":[{"href":"https:\/\/realitatearutiera.ro\/index.php?rest_route=%2Fwp%2Fv2%2Fmedia&parent=16733"}],"wp:term":[{"taxonomy":"category","embeddable":true,"href":"https:\/\/realitatearutiera.ro\/index.php?rest_route=%2Fwp%2Fv2%2Fcategories&post=16733"},{"taxonomy":"post_tag","embeddable":true,"href":"https:\/\/realitatearutiera.ro\/index.php?rest_route=%2Fwp%2Fv2%2Ftags&post=16733"}],"curies":[{"name":"wp","href":"https:\/\/api.w.org\/{rel}","templated":true}]}}