{"id":17641,"date":"2017-01-09T10:30:50","date_gmt":"2017-01-09T08:30:50","guid":{"rendered":"http:\/\/realitatearutiera.ro\/?p=17641"},"modified":"2017-01-09T09:54:03","modified_gmt":"2017-01-09T07:54:03","slug":"ce-sfant-este-praznuit-azi-de-crestinii-ortodocsi","status":"publish","type":"post","link":"https:\/\/realitatearutiera.ro\/?p=17641","title":{"rendered":"Ce sf\u00e2nt este pr\u0103znuit azi de cre\u0219tinii ortodoc\u0219i"},"content":{"rendered":"<p>Cre\u0219tinii ortodoc\u0219i \u00eel pr\u0103znuiesc pe data de 9 ianuarie pe Sf\u00e2ntul Polieuct, unul dintrre martirii de la \u00eenceputurile cre\u0219tinismului<\/p>\n<p>Sf\u00e2ntul Polieuct a fost osta\u0219 \u00een armat\u0103 rom\u00e2n\u0103 \u0219i a tr\u0103it \u00een secolul al III lea. Nerah, prietenul cel mai bun al lui Polieuct, era cre\u0219tin \u0219i ajunge s\u0103 fie cuprins de \u00eentristare pentru c\u0103 \u00ee\u0219i \u0219tia prietenul o persoan\u0103 str\u0103in\u0103 de credin\u021ba \u00een Hristos.<\/p>\n<p>Auzind de persecu\u021bia \u00eempotriv\u0103 cre\u0219tinilor, \u00eei spune lui Polieut: &#8220;Prea iubite Polieuct, porunc\u0103 cea \u00eemp\u0103r\u0103teasc\u0103, care pretutindeni se cite\u0219te, ne va aduce desp\u0103r\u021birea unuia de altul; pentru c\u0103 eu m\u0103 \u021bin de credin\u021ba cre\u0219tineasc\u0103, iar tu de p\u0103g\u00e2n\u0103tatea elineasc\u0103; \u0219i c\u00e2nd m\u0103 vor lu\u0103 la moarte, tu te vei lep\u0103da de mine \u0219i m\u0103 vei l\u0103sa&#8221;.<\/p>\n<p>Auzind aceast\u0103 Polieuct, cel cu bun\u0103 \u00een\u021belegere, \u00eendat\u0103 a cunoscut ce voie\u0219te Nearh \u0219i, cu darul lui Dumnezeu lumin\u00e2ndu-se, a \u00eenceput a g\u00e2ndi la cele dumnezeie\u0219ti; apoi \u0219i-a adus aminte de o vedenie, ce i se f\u0103cuse mai \u00eenainte cu c\u00e2teva zile, \u0219i a zis: &#8220;Nu te teme, iubitul meu prieten Nearh, nici o desp\u0103r\u021bire nu ne va fi, pentru c\u0103 am v\u0103zut \u00een vedenie pe Hristos, C\u0103ruia tu sluje\u0219ti, apropiindu-se de mine \u0219i, lu\u00e2ndu-mi hain\u0103, m-a \u00eembr\u0103cat cu alt\u0103 hain\u0103 nou\u0103, al c\u0103rei pre\u021b \u0219i frumuse\u021be nu este cu putin\u021b\u0103 a o spune, iar nasturii de la hain\u0103 aceea erau de aur, apoi \u0219i c\u00e2l \u00eenaripat mi-a dat&#8221;.<\/p>\n<p>Nearh, t\u00e2lcuind vedenia, i-a spus: &#8220;Se cade \u021bie s\u0103 la\u0219i p\u0103g\u00e2n\u0103tatea elineasc\u0103 \u0219i s\u0103 te \u00eembraci \u00eentru Hristos, prin credin\u021ba cea dreapt\u0103; iar calul cel \u00eenaripat, s\u0103 \u0219tii c\u0103 \u00eensemneaz\u0103 alergarea cea grabnic\u0103 spre cer&#8221;.<\/p>\n<p>At\u00e2t de mult s-a apropiat Polieuct de Hristos \u00eenc\u00e2t a purces la distrugerea idolilor. Felix, socrul lui Polieuct, care avea \u00eemputernicire de la \u00eemp\u0103rat s\u0103 prigoneasc\u0103 pe cre\u0219tini, a \u00eencercat s\u0103-l conving\u0103 s\u0103 renun\u021be la credin\u021ba cre\u0219tin\u0103. Pentru c\u0103 a refuzat, Felix a poruncit s\u0103 i se t\u0103ie capul.<\/p>\n<p>Tot ast\u0103zi, facem pomenirea Sf\u00e2ntului Cuvios Eustratie.<\/p>\n<p><img loading=\"lazy\" decoding=\"async\" src=\"https:\/\/i1.wp.com\/media.realitatea.net\/multimedia\/image\/201701\/w500\/polieuct2_83252500.jpg?resize=500%2C331\" alt=\"\" width=\"500\" height=\"331\" data-recalc-dims=\"1\" \/><\/p>\n<p>Sursa:realitatea.net<\/p>\n","protected":false},"excerpt":{"rendered":"<p>Cre\u0219tinii ortodoc\u0219i \u00eel pr\u0103znuiesc pe data de 9 ianuarie pe Sf\u00e2ntul Polieuct, unul dintrre martirii de la \u00eenceputurile cre\u0219tinismului Sf\u00e2ntul<\/p>\n","protected":false},"author":1,"featured_media":17645,"comment_status":"closed","ping_status":"closed","sticky":false,"template":"","format":"standard","meta":{"spay_email":"","footnotes":"","jetpack_publicize_message":""},"categories":[6],"tags":[],"class_list":["post-17641","post","type-post","status-publish","format-standard","has-post-thumbnail","hentry","category-social"],"jetpack_featured_media_url":"https:\/\/i0.wp.com\/realitatearutiera.ro\/wp-content\/uploads\/2017\/01\/01-09-sf_polieuct.jpg?fit=350%2C481&ssl=1","jetpack_publicize_connections":[],"jetpack_sharing_enabled":true,"jetpack_shortlink":"https:\/\/wp.me\/p61naM-4Ax","jetpack-related-posts":[],"_links":{"self":[{"href":"https:\/\/realitatearutiera.ro\/index.php?rest_route=\/wp\/v2\/posts\/17641","targetHints":{"allow":["GET"]}}],"collection":[{"href":"https:\/\/realitatearutiera.ro\/index.php?rest_route=\/wp\/v2\/posts"}],"about":[{"href":"https:\/\/realitatearutiera.ro\/index.php?rest_route=\/wp\/v2\/types\/post"}],"author":[{"embeddable":true,"href":"https:\/\/realitatearutiera.ro\/index.php?rest_route=\/wp\/v2\/users\/1"}],"replies":[{"embeddable":true,"href":"https:\/\/realitatearutiera.ro\/index.php?rest_route=%2Fwp%2Fv2%2Fcomments&post=17641"}],"version-history":[{"count":1,"href":"https:\/\/realitatearutiera.ro\/index.php?rest_route=\/wp\/v2\/posts\/17641\/revisions"}],"predecessor-version":[{"id":17652,"href":"https:\/\/realitatearutiera.ro\/index.php?rest_route=\/wp\/v2\/posts\/17641\/revisions\/17652"}],"wp:featuredmedia":[{"embeddable":true,"href":"https:\/\/realitatearutiera.ro\/index.php?rest_route=\/wp\/v2\/media\/17645"}],"wp:attachment":[{"href":"https:\/\/realitatearutiera.ro\/index.php?rest_route=%2Fwp%2Fv2%2Fmedia&parent=17641"}],"wp:term":[{"taxonomy":"category","embeddable":true,"href":"https:\/\/realitatearutiera.ro\/index.php?rest_route=%2Fwp%2Fv2%2Fcategories&post=17641"},{"taxonomy":"post_tag","embeddable":true,"href":"https:\/\/realitatearutiera.ro\/index.php?rest_route=%2Fwp%2Fv2%2Ftags&post=17641"}],"curies":[{"name":"wp","href":"https:\/\/api.w.org\/{rel}","templated":true}]}}