{"id":18358,"date":"2017-01-25T11:25:02","date_gmt":"2017-01-25T09:25:02","guid":{"rendered":"http:\/\/realitatearutiera.ro\/?p=18358"},"modified":"2017-01-25T11:25:02","modified_gmt":"2017-01-25T09:25:02","slug":"sfantul-ierarh-grigorie-teologul-cinstit-de-biserica-ortodoxa-la-25-ianuarie","status":"publish","type":"post","link":"https:\/\/realitatearutiera.ro\/?p=18358","title":{"rendered":"Sf\u00e2ntul Ierarh Grigorie Teologul cinstit de Biserica Ortodox\u0103 la 25 ianuarie"},"content":{"rendered":"<p><img loading=\"lazy\" decoding=\"async\" class=\"\" src=\"https:\/\/i1.wp.com\/www.doxologia.ro\/sites\/default\/files\/acatist\/2014\/01\/sfantul_ierarh_grigorie_teologul_arhiepiscopul_constantinopolului_14.jpg?resize=158%2C213\" alt=\"Imagini pentru imagini grigore teologul\" width=\"158\" height=\"213\" data-recalc-dims=\"1\" \/><\/p>\n<p>Sf\u00e2ntul Grigorie a primit numele de Teologul pentru marea sa pricepere \u00een formularea clar\u0103 \u0219i f\u0103r\u0103 echivoc a adev\u0103rurilor de credin\u021b\u0103, recunoscute ca atare la Sinodul al IV-lea Ecumenic de la Calcedon, din anul 451.<br \/>\nS-a n\u0103scut \u00een apropierea Naziansului, o cetate din Capadocia. Studiile le-a f\u0103cut \u00een Cezareea Capadociei, unde l-a \u00eent\u00e2lnit pe Sf\u00e2ntul Vasile cel Mare, de care \u00eel va lega o str\u00e2ns\u0103 prietenie tot restul vie\u021bii. \u0218i-a des\u0103v\u00e2r\u0219it preg\u0103tirea intelectual\u0103 la \u0219colile din Cezareea Palestinei, Alexandria \u0219i apoi la Atena.<\/p>\n<p>\u00cen acel timp \u00eemp\u0103rat era Constan\u021biu (337-361), fiul \u00eemp\u0103ratului Constantin cel Mare, \u0219i \u00eempreun\u0103 cu cei doi P\u0103rin\u021bi ai Bisericii, Sf\u00e2ntul Vasile \u0219i Sf\u00e2ntul Grigorie, \u00eenv\u0103\u021ba, la Atena, \u0219i cel care urma s\u0103 devin\u0103 \u00eemp\u0103rat, Iulian Apostatul (361-363), care a \u00eencercat s\u0103 readuc\u0103 Imperiul Roman de la cre\u0219tinism la p\u0103g\u00e2nism, declan\u0219\u00e2nd noi persecu\u021bii \u00eempotriva cre\u0219tinilor. De aceea, de multe ori Sf\u00e2ntul Grigorie spunea: &#8220;O! c\u00e2t de mare r\u0103utate hr\u0103ne\u0219te p\u0103m\u00e2ntul Romei \u0219i al grecilor!&#8221;, pentru c\u0103 vedea mai \u00eenainte ceea ce avea s\u0103 se \u00eent\u00e2mple.<\/p>\n<p>Dup\u0103 anii de studiu de la Atena, Sf\u00e2ntul Grigorie s-a \u00eentors la Nazians, unde a primit botezul cre\u0219tin chiar din m\u00e2inile tat\u0103lui s\u0103u care era episcop.<\/p>\n<p>Sf\u00e2ntul Grigorie nu a fost botezat la scurt timp dup\u0103 na\u0219terea sa, pentru c\u0103 \u00een acele vremuri exista un obicei, ca pentru cei mai mul\u021bi dintre cre\u0219tini Botezul s\u0103 fie am\u00e2nat p\u00e2n\u0103 la v\u00e2rsta la care M\u00e2ntuitorul Hristos s-a botezat \u00een Iordan de c\u0103tre Sf\u00e2ntul Proroc \u0219i Botez\u0103tor Ioan, adic\u0103 \u00een jurul v\u00e2rstei de 30 de ani.<\/p>\n<p>Aceast\u0103 practic\u0103 a fost \u00eenl\u0103turat\u0103 de marii P\u0103rin\u021bi ai Bisericii, \u00eentre care s-au aflat Sf\u00e2ntul Grigorie Teologul, Sf\u00e2ntul Vasile cel Mare, Sf\u00e2ntul Grigorie, episcopul Nyssei.<\/p>\n<p>Sf\u00e2ntul Grigorie Teologul a fost hirotonit preot, la insisten\u021bele Sf\u00e2ntului Vasile cel Mare \u0219i a fost hirotonit episcop de Sasima, pe care nu l-a ocupat niciodat\u0103. A fost instalat \u00een scaunul de episcop al Constantinopolului, la 27 noiembrie 380, la ceremonie fiind de fa\u021b\u0103 \u0219i \u00eemp\u0103ratul Tedosie. \u00centronizarea a fost confirmat\u0103 de Sinodul al II-lea Ecumenic, din anul 381, care a avut loc \u00een capitala imperial\u0103, Sf\u00e2ntul Grigorie fiind chemat s\u0103 prezideze lucr\u0103rile adun\u0103rii biserice\u0219ti. Contestat \u00eens\u0103 de anumi\u021bi ierarhi, sosi\u021bi mai t\u00e2rziu la lucr\u0103ri, Sf\u00e2ntul Grigorie a renun\u021bat la aceast\u0103 func\u021bie clerical\u0103.<\/p>\n<p>Ultimii ani de via\u021b\u0103 i-a petrecut \u00een locurile natale, dedic\u00e2ndu-se rug\u0103ciunii, studiului \u0219i scrisului. \u00cen Capadocia a avut \u0219i sf\u00e2r\u0219itul, fiind \u00eengropat \u00een cetatea Nazianz.<\/p>\n<p>Dup\u0103 mul\u021bi ani, moa\u0219te sale le-a mutat \u00eemp\u0103ratul Constantin VII Porfirogenetul (913-959) din Nazianz \u00een Constantinopol \u0219i le-a pus \u00een Biserica &#8220;Sfin\u021bilor Apostoli&#8221;.<\/p>\n<p>Tot ast\u0103zi este pomenit \u0219i Sf\u00e2ntul Ierarh Bretanion, episcopul Tomisului.<\/p>\n<p>Sf\u00e2ntul Bretanion, originar din Capadocia, a fost unul dintre ucenicii Sf\u00e2ntului Vasile cel Mare \u0219i a slujit ca episcop al cet\u0103\u021bii Tomis.<\/p>\n<p>Sf\u00e2ntul Bretanion este considerat autorul scrisorii care a \u00eenso\u021bit moa\u0219tele Sf\u00e2ntului Sava Gotul, \u00een drumul lor spre Capadocia. Din scrisoarea amintit\u0103 reiese \u0219i faptul ca Sf\u00e2ntul Bretanion este cel care a redactat actul martiric al Sf\u00e2ntului Sava Gotul \u0219i tot el este cel care s-a \u00eengrijit de mutarea cinstitelor lui moa\u0219te \u00een Capadocia, la cererea Sf\u00e2ntului Vasile cel Mare.<\/p>\n<p>Sf\u00e2ntul Ierarh Bretanion al Tomisului a dus o via\u021b\u0103 ascetic\u0103, ap\u0103r\u00e2nd dreapta credin\u021b\u0103 cu mult curaj, chiar \u00een fa\u021ba \u00eemp\u0103ratului Valens (364-378), care era adept al ereziei ariene. Acesta i-a cerut Sf\u00e2ntului Bretanion, la Tomis, \u00een 369, pe c\u00e2nd se \u00eentorcea dintr-o expedi\u021bie \u00eempotriva go\u021bilor, s\u0103 treac\u0103 de partea arienilor.<\/p>\n<p>A \u00eencurajat mult via\u021ba ascetic\u0103 \u0219i nevoin\u021ba siha\u0219trilor de prin pe\u0219teri mici \u0219i bisericu\u021be rupestre, dup\u0103 obiceiul siha\u0219trilor din Capadocia. \u00cen timpul p\u0103storiei sale existau \u00een Eparhia Tomisului c\u00e2teva a\u0219ez\u0103ri monahale renumite, cu c\u0103lug\u0103ri c\u0103rturari \u0219i teologi.<\/p>\n<p>Cu pu\u021bin \u00eenainte de anul 381, Sf\u00e2ntul Episcop Betranion \u0219i-a dat sufletul \u00een m\u00e2inile lui Dumnezeu \u0219i este cinstit de Biserica Ortodox\u0103 ca sf\u00e2nt, la 25 ianuarie (sursa: vol. &#8220;Vie\u021bile Sfin\u021bilor&#8221;).<\/p>\n<p>Sursa:realitatea.net<\/p>\n","protected":false},"excerpt":{"rendered":"<p>Sf\u00e2ntul Grigorie a primit numele de Teologul pentru marea sa pricepere \u00een formularea clar\u0103 \u0219i f\u0103r\u0103 echivoc a adev\u0103rurilor de<\/p>\n","protected":false},"author":1,"featured_media":18360,"comment_status":"closed","ping_status":"closed","sticky":false,"template":"","format":"standard","meta":{"spay_email":"","footnotes":"","jetpack_publicize_message":""},"categories":[6],"tags":[],"class_list":["post-18358","post","type-post","status-publish","format-standard","has-post-thumbnail","hentry","category-social"],"jetpack_featured_media_url":"https:\/\/i2.wp.com\/realitatearutiera.ro\/wp-content\/uploads\/2017\/01\/Sf_Grigorie_Teologul.jpg?fit=1787%2C1820&ssl=1","jetpack_publicize_connections":[],"jetpack_sharing_enabled":true,"jetpack_shortlink":"https:\/\/wp.me\/p61naM-4M6","jetpack-related-posts":[],"_links":{"self":[{"href":"https:\/\/realitatearutiera.ro\/index.php?rest_route=\/wp\/v2\/posts\/18358","targetHints":{"allow":["GET"]}}],"collection":[{"href":"https:\/\/realitatearutiera.ro\/index.php?rest_route=\/wp\/v2\/posts"}],"about":[{"href":"https:\/\/realitatearutiera.ro\/index.php?rest_route=\/wp\/v2\/types\/post"}],"author":[{"embeddable":true,"href":"https:\/\/realitatearutiera.ro\/index.php?rest_route=\/wp\/v2\/users\/1"}],"replies":[{"embeddable":true,"href":"https:\/\/realitatearutiera.ro\/index.php?rest_route=%2Fwp%2Fv2%2Fcomments&post=18358"}],"version-history":[{"count":1,"href":"https:\/\/realitatearutiera.ro\/index.php?rest_route=\/wp\/v2\/posts\/18358\/revisions"}],"predecessor-version":[{"id":18365,"href":"https:\/\/realitatearutiera.ro\/index.php?rest_route=\/wp\/v2\/posts\/18358\/revisions\/18365"}],"wp:featuredmedia":[{"embeddable":true,"href":"https:\/\/realitatearutiera.ro\/index.php?rest_route=\/wp\/v2\/media\/18360"}],"wp:attachment":[{"href":"https:\/\/realitatearutiera.ro\/index.php?rest_route=%2Fwp%2Fv2%2Fmedia&parent=18358"}],"wp:term":[{"taxonomy":"category","embeddable":true,"href":"https:\/\/realitatearutiera.ro\/index.php?rest_route=%2Fwp%2Fv2%2Fcategories&post=18358"},{"taxonomy":"post_tag","embeddable":true,"href":"https:\/\/realitatearutiera.ro\/index.php?rest_route=%2Fwp%2Fv2%2Ftags&post=18358"}],"curies":[{"name":"wp","href":"https:\/\/api.w.org\/{rel}","templated":true}]}}