{"id":19023,"date":"2017-02-10T08:37:01","date_gmt":"2017-02-10T06:37:01","guid":{"rendered":"http:\/\/realitatearutiera.ro\/?p=19023"},"modified":"2017-02-10T08:37:01","modified_gmt":"2017-02-10T06:37:01","slug":"peste-150-de-calatori-au-ramas-blocati-in-frig-in-trenul-constanta-bucuresti","status":"publish","type":"post","link":"https:\/\/realitatearutiera.ro\/?p=19023","title":{"rendered":"Peste 150 de c\u0103l\u0103tori au r\u0103mas bloca\u021bi, \u00een frig, \u00een trenul Constan\u021ba &#8211; Bucure\u0219ti"},"content":{"rendered":"<h2>Peste 150 de c\u0103l\u0103tori au r\u0103mas, \u00een aceast\u0103 dup\u0103-amiaz\u0103 bloca\u021bi \u00een trenul intercity Constan\u021ba-Bucure\u0219ti, dup\u0103 ce locomotiva s-a defectat.<\/h2>\n<p>Oamenii s-au pl\u00e2ns c\u0103 au fost nevoi\u021bi s\u0103 a\u0219tepte mai bine de o or\u0103 \u00een frig, p\u00e2n\u0103 c\u00e2nd o alt\u0103 locomotiv\u0103 a fost trimis\u0103 de la C\u0103l\u0103ra\u0219i, pentru a o \u00eenlocui pe cea defect\u0103. C\u0103l\u0103torii i-au acuzat pe reprezentan\u021bii CFR de neglijen\u021b\u0103 pentru c\u0103 \u00a0ar fi permis plecarea c\u0103tre Bucure\u0219ti a garniturii f\u0103r\u0103 a fi supuse unei revizii tehnice \u00eenainte.<\/p>\n<p>Reprezentan\u021bii Companiei de Transport Feroviar spun c\u0103 din cauza incidentului, garnitura a ajuns \u00een Capital\u0103 cu aproximativ o or\u0103 \u00eent\u00e2rziere.<\/p>\n","protected":false},"excerpt":{"rendered":"<p>Peste 150 de c\u0103l\u0103tori au r\u0103mas, \u00een aceast\u0103 dup\u0103-amiaz\u0103 bloca\u021bi \u00een trenul intercity Constan\u021ba-Bucure\u0219ti, dup\u0103 ce locomotiva s-a defectat. Oamenii<\/p>\n","protected":false},"author":1,"featured_media":18928,"comment_status":"closed","ping_status":"closed","sticky":false,"template":"","format":"standard","meta":{"spay_email":"","footnotes":"","jetpack_publicize_message":""},"categories":[11],"tags":[],"class_list":["post-19023","post","type-post","status-publish","format-standard","has-post-thumbnail","hentry","category-stiri-interne"],"jetpack_featured_media_url":"https:\/\/i0.wp.com\/realitatearutiera.ro\/wp-content\/uploads\/2017\/02\/tren-zapada.jpg?fit=%2C&ssl=1","jetpack_publicize_connections":[],"jetpack_sharing_enabled":true,"jetpack_shortlink":"https:\/\/wp.me\/p61naM-4WP","jetpack-related-posts":[],"_links":{"self":[{"href":"https:\/\/realitatearutiera.ro\/index.php?rest_route=\/wp\/v2\/posts\/19023","targetHints":{"allow":["GET"]}}],"collection":[{"href":"https:\/\/realitatearutiera.ro\/index.php?rest_route=\/wp\/v2\/posts"}],"about":[{"href":"https:\/\/realitatearutiera.ro\/index.php?rest_route=\/wp\/v2\/types\/post"}],"author":[{"embeddable":true,"href":"https:\/\/realitatearutiera.ro\/index.php?rest_route=\/wp\/v2\/users\/1"}],"replies":[{"embeddable":true,"href":"https:\/\/realitatearutiera.ro\/index.php?rest_route=%2Fwp%2Fv2%2Fcomments&post=19023"}],"version-history":[{"count":1,"href":"https:\/\/realitatearutiera.ro\/index.php?rest_route=\/wp\/v2\/posts\/19023\/revisions"}],"predecessor-version":[{"id":19024,"href":"https:\/\/realitatearutiera.ro\/index.php?rest_route=\/wp\/v2\/posts\/19023\/revisions\/19024"}],"wp:featuredmedia":[{"embeddable":true,"href":"https:\/\/realitatearutiera.ro\/index.php?rest_route=\/wp\/v2\/media\/18928"}],"wp:attachment":[{"href":"https:\/\/realitatearutiera.ro\/index.php?rest_route=%2Fwp%2Fv2%2Fmedia&parent=19023"}],"wp:term":[{"taxonomy":"category","embeddable":true,"href":"https:\/\/realitatearutiera.ro\/index.php?rest_route=%2Fwp%2Fv2%2Fcategories&post=19023"},{"taxonomy":"post_tag","embeddable":true,"href":"https:\/\/realitatearutiera.ro\/index.php?rest_route=%2Fwp%2Fv2%2Ftags&post=19023"}],"curies":[{"name":"wp","href":"https:\/\/api.w.org\/{rel}","templated":true}]}}