{"id":1919,"date":"2015-05-28T05:16:06","date_gmt":"2015-05-28T05:16:06","guid":{"rendered":"http:\/\/realitatearutiera.ro\/?p=1919"},"modified":"2015-05-28T05:16:06","modified_gmt":"2015-05-28T05:16:06","slug":"ce-masini-decapotabile-iti-poti-cumpara-in-romania-in-vara-lui-2015","status":"publish","type":"post","link":"https:\/\/realitatearutiera.ro\/?p=1919","title":{"rendered":"Ce ma\u015fini decapotabile \u00ee\u0163i po\u0163i cump\u0103ra \u00een Rom\u00e2nia \u00een vara lui 2015!"},"content":{"rendered":"<p><strong>Cabrioletele sunt ma\u015fini pe care le vedem din ce \u00een ce mai mult pe str\u0103zi odat\u0103 cu venirea verii. E \u015fi normal, p\u00e2n\u0103 la urm\u0103, fiindc\u0103 pl\u0103cerea condusului cu p\u0103rul \u00een v\u00e2nt e aproape inexistent\u0103 atunci c\u00e2nd e frig \u015fi plou\u0103 (mai pu\u0163in pentru britanici, ei merg oric\u00e2nd cu decapotabilele). Iat\u0103, a\u015fadar, ce modele cabrio po\u0163i cump\u0103ra oficial \u00een Rom\u00e2nia \u00een vara lui 2015.<\/strong><\/p>\n<p>Vara e anotimpul \u00een care vis\u0103m s\u0103 mergem la mare sau la munte cu p\u0103rul \u00een v\u00e2nt. \u015ei suntem destul de siguri c\u0103<a href=\"http:\/\/www.promotor.ro\/masini-noi\/dosar-analize\/studiu-de-vara-cum-sunt-soferii-de-masini-decapotabile-13017092\" target=\"_blank\">nu doar noi ne g\u00e2ndim la asta<\/a>.<\/p>\n<p>A\u015fadar, \u0163i-am preg\u0103tit o list\u0103 cu toate decapotabilele noi pe care le po\u0163i cump\u0103ra oficial \u00een Rom\u00e2nia \u00een vara lui 2015. Nu am inclus aici modele care sunt cabrio doar pe jum\u0103tate, adic\u0103 acelea care au acoperi\u015furi retractabile par\u0163ial.<\/p>\n<p>Lista este ordonat\u0103 cresc\u0103tor, \u00een func\u0163ie de pre\u0163.<\/p>\n<p><strong>Decapotabile cu pre\u0163uri \u00eentre 20.000 \u015fi 40.000 de euro<\/strong><\/p>\n<p><a href=\"http:\/\/www.promotor.ro\/masini-noi\/news\/volkswagen-beetle-cabrio-imagini-si-informatii-oficiale-10158130\" target=\"_blank\"><strong>Volkswagen Beetle cabrio<\/strong><\/a> \u2013 de la 20.614 euro cu TVA<\/p>\n<p><img decoding=\"async\" class=\"latent-image cboxElement\" src=\"https:\/\/i0.wp.com\/storage0.dms.mpinteractiv.ro\/media\/2\/41\/1831\/14347400\/2\/volkswagen-beetle-cabrio-8.jpg?w=800\" alt=\"\" data-src=\"http:\/\/storage0.dms.mpinteractiv.ro\/media\/2\/41\/1831\/14347400\/2\/volkswagen-beetle-cabrio-8.jpg\" data-width=\"600\" data-height=\"450\" data-alt=\"\" data-recalc-dims=\"1\" \/><\/p>\n<p><strong>Mini cabrio<\/strong> \u2013 de la 22.320 euro cu TVA<\/p>\n<p><img decoding=\"async\" class=\"latent-image cboxElement\" src=\"https:\/\/i1.wp.com\/storage0.dms.mpinteractiv.ro\/media\/2\/41\/1831\/14347400\/3\/mini-cooper-d-cabrio-uk-spec-3.jpg?w=800\" alt=\"\" data-src=\"http:\/\/storage0.dms.mpinteractiv.ro\/media\/2\/41\/1831\/14347400\/3\/mini-cooper-d-cabrio-uk-spec-3.jpg\" data-width=\"600\" data-height=\"450\" data-alt=\"\" data-recalc-dims=\"1\" \/><\/p>\n<p><a href=\"http:\/\/www.promotor.ro\/teste-auto\/test-drive\/test-de-vara-mazda-mx-5-roadster-coupe-1.8i-8567689\" target=\"_blank\"><strong>Mazda MX-5<\/strong><\/a> (genera\u0163ia precedent\u0103) \u2013 de la 22.490 euro cu TVA<\/p>\n<p><img decoding=\"async\" class=\"latent-image cboxElement\" src=\"https:\/\/i1.wp.com\/storage0.dms.mpinteractiv.ro\/media\/2\/41\/1831\/14347400\/4\/mazda-mx-5-roadster-69.jpg?w=800\" alt=\"\" data-src=\"http:\/\/storage0.dms.mpinteractiv.ro\/media\/2\/41\/1831\/14347400\/4\/mazda-mx-5-roadster-69.jpg\" data-width=\"600\" data-height=\"450\" data-alt=\"\" data-recalc-dims=\"1\" \/><\/p>\n<p><a href=\"http:\/\/www.promotor.ro\/teste-auto\/test-in-premiera\/am-testat-opel-cascada-cea-mai-noua-decapotabila-a-germanilor-10704500\" target=\"_blank\"><strong>Opel Cascada<\/strong><\/a> \u2013 de la 22.820 euro cu TVA<\/p>\n<p><img decoding=\"async\" class=\"latent-image cboxElement\" src=\"https:\/\/i1.wp.com\/storage0.dms.mpinteractiv.ro\/media\/2\/41\/1831\/14347400\/5\/opel-cascada-16.jpg?w=800\" alt=\"\" data-src=\"http:\/\/storage0.dms.mpinteractiv.ro\/media\/2\/41\/1831\/14347400\/5\/opel-cascada-16.jpg\" data-width=\"600\" data-height=\"450\" data-alt=\"\" data-recalc-dims=\"1\" \/><\/p>\n<p><strong>Audi A3 cabrio<\/strong> \u2013 de la 33.700 euro cu TVA<\/p>\n<p><img decoding=\"async\" class=\"latent-image cboxElement\" src=\"https:\/\/i2.wp.com\/storage0.dms.mpinteractiv.ro\/media\/2\/41\/1831\/14347400\/6\/audi-a3-cabriolet-2-0-tdi-s-line-2.jpg?w=800\" alt=\"\" data-src=\"http:\/\/storage0.dms.mpinteractiv.ro\/media\/2\/41\/1831\/14347400\/6\/audi-a3-cabriolet-2-0-tdi-s-line-2.jpg\" data-width=\"600\" data-height=\"450\" data-alt=\"\" data-recalc-dims=\"1\" \/><\/p>\n<p><a href=\"http:\/\/www.promotor.ro\/masini-noi\/prezentari\/bmw-seria-2-cabrio-informatii-si-imagini-oficiale-cu-noul-seria-2-decapotabil-13241135\" target=\"_blank\"><strong>BMW Seria 2 cabrio<\/strong><\/a> \u2013 de la 34.534 euro cu TVA<\/p>\n<p><img decoding=\"async\" class=\"latent-image cboxElement\" src=\"https:\/\/i2.wp.com\/storage0.dms.mpinteractiv.ro\/media\/2\/41\/1831\/14347400\/7\/bmw-228i-cabrio-sport-line-12.jpg?w=800\" alt=\"\" data-src=\"http:\/\/storage0.dms.mpinteractiv.ro\/media\/2\/41\/1831\/14347400\/7\/bmw-228i-cabrio-sport-line-12.jpg\" data-width=\"600\" data-height=\"450\" data-alt=\"\" data-recalc-dims=\"1\" \/><\/p>\n<p><a href=\"http:\/\/www.promotor.ro\/masini-noi\/news\/usor-facelift-de-2013-pentru-bmw-z4-10398488\" target=\"_blank\"><strong>BMW Z4 roadster<\/strong><\/a> \u2013 de la 37.076 euro cu TVA<\/p>\n<p><img decoding=\"async\" class=\"latent-image cboxElement\" src=\"https:\/\/i0.wp.com\/storage0.dms.mpinteractiv.ro\/media\/2\/41\/1831\/14347400\/8\/bmw-z4-sdrive35is-roadster-26.jpg?w=800\" alt=\"\" data-src=\"http:\/\/storage0.dms.mpinteractiv.ro\/media\/2\/41\/1831\/14347400\/8\/bmw-z4-sdrive35is-roadster-26.jpg\" data-width=\"600\" data-height=\"450\" data-alt=\"\" data-recalc-dims=\"1\" \/><\/p>\n<p><strong>Audi TT roadster<\/strong> \u2013 pre\u0163 necomunicat (de la 37.900 euro cu TVA \u00een Germania)<\/p>\n<p><img decoding=\"async\" class=\"latent-image cboxElement\" src=\"https:\/\/i1.wp.com\/storage0.dms.mpinteractiv.ro\/media\/2\/41\/1831\/14347400\/9\/audi-tt-roadster-2-0-tfsi-quattro-s-line-6.jpg?w=800\" alt=\"\" data-src=\"http:\/\/storage0.dms.mpinteractiv.ro\/media\/2\/41\/1831\/14347400\/9\/audi-tt-roadster-2-0-tfsi-quattro-s-line-6.jpg\" data-width=\"600\" data-height=\"429\" data-alt=\"\" data-recalc-dims=\"1\" \/><\/p>\n<p><a href=\"http:\/\/www.promotor.ro\/teste-auto\/test-in-premiera\/test-in-premiera-ford-mustang-14328250\" target=\"_blank\"><strong>Ford Mustang convertible<\/strong><\/a> \u2013 de la 39.000 euro cu TVA<\/p>\n<p><img decoding=\"async\" class=\"latent-image cboxElement\" src=\"https:\/\/i2.wp.com\/storage0.dms.mpinteractiv.ro\/media\/2\/41\/1831\/14347400\/10\/mustang-gt-convertible-10.jpg?w=800\" alt=\"\" data-src=\"http:\/\/storage0.dms.mpinteractiv.ro\/media\/2\/41\/1831\/14347400\/10\/mustang-gt-convertible-10.jpg\" data-width=\"600\" data-height=\"450\" data-alt=\"\" data-recalc-dims=\"1\" \/><\/p>\n<p><strong>Decapotabile cu pre\u0163ul \u00eentre 40.000 \u015fi 60.000 de euro<\/strong><\/p>\n<p><a href=\"http:\/\/www.promotor.ro\/teste-auto\/test-drive\/test-in-romania-cu-mercedes-benz-slk-250.-kinder-roadster-13366690\" target=\"_blank\"><strong>Mercedes-Benz SLK<\/strong><\/a> \u2013 de la 40.762 euro cu TVA<\/p>\n<p><img decoding=\"async\" class=\"latent-image cboxElement\" src=\"https:\/\/i2.wp.com\/storage0.dms.mpinteractiv.ro\/media\/2\/41\/1831\/14347400\/11\/mercedes-benz-slk350-15.jpg?w=800\" alt=\"\" data-src=\"http:\/\/storage0.dms.mpinteractiv.ro\/media\/2\/41\/1831\/14347400\/11\/mercedes-benz-slk350-15.jpg\" data-width=\"600\" data-height=\"450\" data-alt=\"\" data-recalc-dims=\"1\" \/><\/p>\n<p>&nbsp;<\/p>\n<p><strong>Audi A5 cabrio<\/strong> \u2013 de la 45.100 euro cu TVA<\/p>\n<p><img decoding=\"async\" class=\"latent-image cboxElement\" src=\"https:\/\/i1.wp.com\/storage0.dms.mpinteractiv.ro\/media\/2\/41\/1831\/14347400\/12\/audi-a5-cabriolet-28.jpg?w=800\" alt=\"\" data-src=\"http:\/\/storage0.dms.mpinteractiv.ro\/media\/2\/41\/1831\/14347400\/12\/audi-a5-cabriolet-28.jpg\" data-width=\"600\" data-height=\"450\" data-alt=\"\" data-recalc-dims=\"1\" \/><\/p>\n<p><a href=\"http:\/\/www.promotor.ro\/teste-auto\/test-drive\/am-testat-noul-bmw-seria-4-cabrio.-in-aer-liber-12691183\" target=\"_blank\"><strong>BMW Seria 4 cabrio<\/strong><\/a> \u2013 de la 45.818 euro cu TVA<\/p>\n<p><img decoding=\"async\" class=\"latent-image cboxElement\" src=\"https:\/\/i2.wp.com\/storage0.dms.mpinteractiv.ro\/media\/2\/41\/1831\/14347400\/13\/bmw-428i-cabrio-luxury-line-9.jpg?w=800\" alt=\"\" data-src=\"http:\/\/storage0.dms.mpinteractiv.ro\/media\/2\/41\/1831\/14347400\/13\/bmw-428i-cabrio-luxury-line-9.jpg\" data-width=\"600\" data-height=\"450\" data-alt=\"\" data-recalc-dims=\"1\" \/><\/p>\n<p><a href=\"http:\/\/www.promotor.ro\/masini-noi\/news\/mercedes-benz-e-class-coupe-si-cabrio-facelift-imagini-si-informatii-oficiale-10428159\" target=\"_blank\"><strong>Mercedes-Benz E-Class cabrio facelift<\/strong><\/a> \u2013 de la 48.701 euro cu TVA<\/p>\n<p><img decoding=\"async\" class=\"latent-image cboxElement\" src=\"https:\/\/i1.wp.com\/storage0.dms.mpinteractiv.ro\/media\/2\/41\/1831\/14347400\/14\/mercedes-benz-e-350-bluetec-cabrio-5.jpg?w=800\" alt=\"\" data-src=\"http:\/\/storage0.dms.mpinteractiv.ro\/media\/2\/41\/1831\/14347400\/14\/mercedes-benz-e-350-bluetec-cabrio-5.jpg\" data-width=\"600\" data-height=\"450\" data-alt=\"\" data-recalc-dims=\"1\" \/><\/p>\n<p><a href=\"http:\/\/www.promotor.ro\/teste-auto\/test-drive\/test-bmw-m235i-nissan-370z.-cod-rosu-13742643\" target=\"_blank\"><strong>Nissan 370Z roadster<\/strong><\/a> \u2013 de la 49.590 euro cu TVA<\/p>\n<p><img decoding=\"async\" class=\"latent-image cboxElement\" src=\"https:\/\/i2.wp.com\/storage0.dms.mpinteractiv.ro\/media\/2\/41\/1831\/14347400\/15\/nissan-370z-roadster-us-spec-5.jpg?w=800\" alt=\"\" data-src=\"http:\/\/storage0.dms.mpinteractiv.ro\/media\/2\/41\/1831\/14347400\/15\/nissan-370z-roadster-us-spec-5.jpg\" data-width=\"600\" data-height=\"450\" data-alt=\"\" data-recalc-dims=\"1\" \/><\/p>\n<p><a href=\"http:\/\/www.promotor.ro\/masini-noi\/prezentari\/primele-informatii-si-imagini-cu-noul-porsche-boxster-9143014\" target=\"_blank\"><strong>Porsche Boxster<\/strong><\/a> \u2013 de la 56.413 euro cu TVA<\/p>\n<p><img decoding=\"async\" class=\"latent-image cboxElement\" src=\"https:\/\/i0.wp.com\/storage0.dms.mpinteractiv.ro\/media\/2\/41\/1831\/14347400\/16\/porsche-boxster-74.jpg?w=800\" alt=\"\" data-src=\"http:\/\/storage0.dms.mpinteractiv.ro\/media\/2\/41\/1831\/14347400\/16\/porsche-boxster-74.jpg\" data-width=\"600\" data-height=\"450\" data-alt=\"\" data-recalc-dims=\"1\" \/><\/p>\n<p><strong>Decapotabile cu pre\u0163uri peste 60.000 de euro<\/strong><\/p>\n<p><a href=\"http:\/\/www.promotor.ro\/teste-auto\/test-drive\/condusa-in-romania-jaguar-f-type.-factorul-wow-11540339\" target=\"_blank\"><strong>Jaguar F-Type convertible<\/strong><\/a> \u2013 de la 79.360 euro cu TVA<\/p>\n<p><img decoding=\"async\" class=\"latent-image cboxElement\" src=\"https:\/\/i2.wp.com\/storage0.dms.mpinteractiv.ro\/media\/2\/41\/1831\/14347400\/17\/jaguar-f-type-13.jpg?w=800\" alt=\"\" data-src=\"http:\/\/storage0.dms.mpinteractiv.ro\/media\/2\/41\/1831\/14347400\/17\/jaguar-f-type-13.jpg\" data-width=\"600\" data-height=\"450\" data-alt=\"\" data-recalc-dims=\"1\" \/><\/p>\n<p><a href=\"http:\/\/www.promotor.ro\/masini-noi\/prezentari\/bmw-seria-6-si-m6-facelift-imagini-si-informatii-oficiale-13714323\" target=\"_blank\"><strong>BMW Seria 6 cabrio facelift<\/strong><\/a> \u2013 pre\u0163 necomunicat (de la 88.150 euro \u00een Germania)<\/p>\n<p><img decoding=\"async\" class=\"latent-image cboxElement\" src=\"https:\/\/i2.wp.com\/storage0.dms.mpinteractiv.ro\/media\/2\/41\/1831\/14347400\/18\/bmw-650i-cabrio-27.jpg?w=800\" alt=\"\" data-src=\"http:\/\/storage0.dms.mpinteractiv.ro\/media\/2\/41\/1831\/14347400\/18\/bmw-650i-cabrio-27.jpg\" data-width=\"600\" data-height=\"399\" data-alt=\"\" data-recalc-dims=\"1\" \/><\/p>\n<p><a href=\"http:\/\/www.promotor.ro\/teste-auto\/test-drive\/test-condus-prin-romania-mercedes-benz-sl-400-13031118\" target=\"_blank\"><strong>Mercedes-Benz SL facelift<\/strong><\/a> \u2013 de la 98.022 euro cu TVA<\/p>\n<p><img decoding=\"async\" class=\"latent-image cboxElement\" src=\"https:\/\/i2.wp.com\/storage0.dms.mpinteractiv.ro\/media\/2\/41\/1831\/14347400\/19\/mercedes-benz-sl-350-5.jpg?w=800\" alt=\"\" data-src=\"http:\/\/storage0.dms.mpinteractiv.ro\/media\/2\/41\/1831\/14347400\/19\/mercedes-benz-sl-350-5.jpg\" data-width=\"600\" data-height=\"450\" data-alt=\"\" data-recalc-dims=\"1\" \/><\/p>\n<p><a href=\"http:\/\/www.promotor.ro\/teste-auto\/test-drive\/test-pasiune-porsche-911-cabrio-e-o-vedeta-neo-clasica-10449669\" target=\"_blank\"><strong>Porsche 911 Carrera cabrio<\/strong><\/a> \u2013 de la 113.810 euro cu TVA<\/p>\n<p><img decoding=\"async\" class=\"latent-image cboxElement\" src=\"https:\/\/i1.wp.com\/storage0.dms.mpinteractiv.ro\/media\/2\/41\/1831\/14347400\/20\/porsche-911-carrera-cabriolet-15.jpg?w=800\" alt=\"\" data-src=\"http:\/\/storage0.dms.mpinteractiv.ro\/media\/2\/41\/1831\/14347400\/20\/porsche-911-carrera-cabriolet-15.jpg\" data-width=\"600\" data-height=\"450\" data-alt=\"\" data-recalc-dims=\"1\" \/><\/p>\n<p><a href=\"http:\/\/www.promotor.ro\/masini-noi\/prezentari\/porsche-911-targa-debuteaza-la-detroit-in-dulcele-stil-clasic.-update-11898278\" target=\"_blank\"><strong>Porsche 911 Targa<\/strong><\/a> \u2013 de la 120.495 euro cu TVA<\/p>\n<p><img decoding=\"async\" class=\"latent-image cboxElement\" src=\"https:\/\/i2.wp.com\/storage0.dms.mpinteractiv.ro\/media\/2\/41\/1831\/14347400\/21\/porsche-911-targa-4-6.jpg?w=800\" alt=\"\" data-src=\"http:\/\/storage0.dms.mpinteractiv.ro\/media\/2\/41\/1831\/14347400\/21\/porsche-911-targa-4-6.jpg\" data-width=\"600\" data-height=\"450\" data-alt=\"\" data-recalc-dims=\"1\" \/><\/p>\n<p><a href=\"http:\/\/www.promotor.ro\/masini-noi\/news\/maserati-grancabrio-mc-a-fost-prezentat-la-paris-10131695\" target=\"_blank\"><strong>Maserati GranCabrio MC<\/strong><\/a> \u2013 pre\u0163 necomunicat (de la 97.195 lire sterline \u00een Marea Britanie \u2013 137.194 euro)<\/p>\n<p><img decoding=\"async\" class=\"latent-image cboxElement\" src=\"https:\/\/i0.wp.com\/storage0.dms.mpinteractiv.ro\/media\/2\/41\/1831\/14347400\/22\/maserati-grancabrio-mc-29.jpg?w=800\" alt=\"\" data-src=\"http:\/\/storage0.dms.mpinteractiv.ro\/media\/2\/41\/1831\/14347400\/22\/maserati-grancabrio-mc-29.jpg\" data-width=\"600\" data-height=\"450\" data-alt=\"\" data-recalc-dims=\"1\" \/><\/p>\n<p><strong>Bentley Continental GT Convertible<\/strong> \u2013 pre\u0163 necomunicat (de la 136.250 lire sterline \u00een Marea Britanie \u2013 192.322 euro)<\/p>\n<p><img decoding=\"async\" class=\"latent-image cboxElement\" src=\"https:\/\/i1.wp.com\/storage0.dms.mpinteractiv.ro\/media\/2\/41\/1831\/14347400\/23\/bentley-continental-gtc-46.jpg?w=800\" alt=\"\" data-src=\"http:\/\/storage0.dms.mpinteractiv.ro\/media\/2\/41\/1831\/14347400\/23\/bentley-continental-gtc-46.jpg\" data-width=\"600\" data-height=\"450\" data-alt=\"\" data-recalc-dims=\"1\" \/><\/p>\n<p><a href=\"http:\/\/www.promotor.ro\/masini-noi\/prezentari\/oficial-acesta-este-noul-ferrari-california-t.-update-12072297\" target=\"_blank\"><strong>Ferrari California T <\/strong><\/a>\u2013 pre\u0163 necomunicat (de la 150.000 lire sterline \u00een Marea Britanie \u2013 211.731 euro)<\/p>\n<p><img decoding=\"async\" class=\"latent-image cboxElement\" src=\"https:\/\/i0.wp.com\/storage0.dms.mpinteractiv.ro\/media\/2\/41\/1831\/14347400\/24\/ferrari-california-t-20.jpg?w=800\" alt=\"\" data-src=\"http:\/\/storage0.dms.mpinteractiv.ro\/media\/2\/41\/1831\/14347400\/24\/ferrari-california-t-20.jpg\" data-width=\"600\" data-height=\"450\" data-alt=\"\" data-recalc-dims=\"1\" \/><\/p>\n<p><strong>Ferrari 458 Spider<\/strong> \u2013 pre\u0163 necomunicat (de la 198.906 lire sterline \u00een Marea Britanie \u2013 280.763 euro)<\/p>\n<p><img decoding=\"async\" class=\"latent-image cboxElement\" src=\"https:\/\/i2.wp.com\/storage0.dms.mpinteractiv.ro\/media\/2\/41\/1831\/14347400\/25\/ferrari-458-spider-22.jpg?w=800\" alt=\"\" data-src=\"http:\/\/storage0.dms.mpinteractiv.ro\/media\/2\/41\/1831\/14347400\/25\/ferrari-458-spider-22.jpg\" data-width=\"600\" data-height=\"450\" data-alt=\"\" data-recalc-dims=\"1\" \/><\/p>\n<p><strong>Lamborghini Aventador Roadster<\/strong> \u2013 pre\u0163 necomunicat (de la 288.840 lire sterline \u00een Marea Britanie \u2013 407.709 euro)<\/p>\n<p><img decoding=\"async\" class=\"latent-image cboxElement\" src=\"https:\/\/i2.wp.com\/storage0.dms.mpinteractiv.ro\/media\/2\/41\/1831\/14347400\/26\/lamborghini-aventador-lp700-4-roadster-1.jpg?w=800\" alt=\"\" data-src=\"http:\/\/storage0.dms.mpinteractiv.ro\/media\/2\/41\/1831\/14347400\/26\/lamborghini-aventador-lp700-4-roadster-1.jpg\" data-width=\"600\" data-height=\"450\" data-alt=\"\" data-recalc-dims=\"1\" \/><\/p>\n<p>&nbsp;<\/p>\n<p style=\"text-align: right;\">\n<p style=\"text-align: right;\">\n<p style=\"text-align: right;\">sursa articol : www.promotor.ro<\/p>\n","protected":false},"excerpt":{"rendered":"<p>Cabrioletele sunt ma\u015fini pe care le vedem din ce \u00een ce mai mult pe str\u0103zi odat\u0103 cu venirea verii. E<\/p>\n","protected":false},"author":1,"featured_media":1897,"comment_status":"open","ping_status":"open","sticky":false,"template":"","format":"standard","meta":{"spay_email":"","footnotes":"","jetpack_publicize_message":""},"categories":[6,11],"tags":[],"class_list":["post-1919","post","type-post","status-publish","format-standard","has-post-thumbnail","hentry","category-social","category-stiri-interne"],"jetpack_featured_media_url":"https:\/\/i0.wp.com\/realitatearutiera.ro\/wp-content\/uploads\/2015\/05\/vanZAREMASINI.jpg?fit=800%2C513&ssl=1","jetpack_publicize_connections":[],"jetpack_sharing_enabled":true,"jetpack_shortlink":"https:\/\/wp.me\/p61naM-uX","jetpack-related-posts":[],"_links":{"self":[{"href":"https:\/\/realitatearutiera.ro\/index.php?rest_route=\/wp\/v2\/posts\/1919","targetHints":{"allow":["GET"]}}],"collection":[{"href":"https:\/\/realitatearutiera.ro\/index.php?rest_route=\/wp\/v2\/posts"}],"about":[{"href":"https:\/\/realitatearutiera.ro\/index.php?rest_route=\/wp\/v2\/types\/post"}],"author":[{"embeddable":true,"href":"https:\/\/realitatearutiera.ro\/index.php?rest_route=\/wp\/v2\/users\/1"}],"replies":[{"embeddable":true,"href":"https:\/\/realitatearutiera.ro\/index.php?rest_route=%2Fwp%2Fv2%2Fcomments&post=1919"}],"version-history":[{"count":1,"href":"https:\/\/realitatearutiera.ro\/index.php?rest_route=\/wp\/v2\/posts\/1919\/revisions"}],"predecessor-version":[{"id":1920,"href":"https:\/\/realitatearutiera.ro\/index.php?rest_route=\/wp\/v2\/posts\/1919\/revisions\/1920"}],"wp:featuredmedia":[{"embeddable":true,"href":"https:\/\/realitatearutiera.ro\/index.php?rest_route=\/wp\/v2\/media\/1897"}],"wp:attachment":[{"href":"https:\/\/realitatearutiera.ro\/index.php?rest_route=%2Fwp%2Fv2%2Fmedia&parent=1919"}],"wp:term":[{"taxonomy":"category","embeddable":true,"href":"https:\/\/realitatearutiera.ro\/index.php?rest_route=%2Fwp%2Fv2%2Fcategories&post=1919"},{"taxonomy":"post_tag","embeddable":true,"href":"https:\/\/realitatearutiera.ro\/index.php?rest_route=%2Fwp%2Fv2%2Ftags&post=1919"}],"curies":[{"name":"wp","href":"https:\/\/api.w.org\/{rel}","templated":true}]}}