{"id":19428,"date":"2017-02-21T15:39:32","date_gmt":"2017-02-21T13:39:32","guid":{"rendered":"http:\/\/realitatearutiera.ro\/?p=19428"},"modified":"2017-02-21T15:39:32","modified_gmt":"2017-02-21T13:39:32","slug":"140-de-ani-de-la-nasterea-lui-stefan-petica-adept-al-marilor-simbolisti-contemporani","status":"publish","type":"post","link":"https:\/\/realitatearutiera.ro\/?p=19428","title":{"rendered":"140 de ani de la na\u015fterea lui \u015etefan Petic\u0103, adept al marilor simboli\u015fti contemporani"},"content":{"rendered":"<p>Muzeul Na\u0163ional al Literaturii Rom\u00e2ne organizeaz\u0103 pe 21 februarie, ora 17.00, \u00een Sala de Consiliu a Bibliotecii Centrale Universitare \u201eCarol I\u201d (Str. Boteanu nr. 1), masa rotund\u0103 \u201e\u015etefan Petic\u0103 &#8211; 140\u201d.<\/p>\n<p>La eveniment vor participa \u015fi scriitoarea Ana Blandiana, scriitorul \u015fi poetul brazilian Marco Lucchesi, poetul \u015fi eseistul C. D. Zeletin \u015fi profesorul Mihai Zamfir.<\/p>\n<p>Masa rotund\u0103 \u00ee\u015fi propune s\u0103 marcheze cei \u00a0140 de ani de la na\u015fterea autorului, adept al marilor simboli\u015fti contemporani, care a realizat \u00een versul rom\u00e2nesc o reform\u0103 perceptibil\u0103 abia ast\u0103zi, \u015fi face parte dintr-o serie de evenimente organizate \u00een ultima lun\u0103 la Tecuci, Craiova \u015fi Bucure\u015fti. \u00a0 \u00cen cadrul evenimentului va avea loc \u015fi prezentarea volumului Opere. Poezii, din edi\u0163ia integral\u0103 \u015etefan Petic\u0103, \u00eengrijit\u0103 de Nicoleta Presur\u0103-C\u0103lina, Cuv\u00e2nt \u00eenainte de Ana Blandiana, Postfa\u0163\u0103 de C. D. Zeletin,\u00a0 \u00a0 Moderatorul mesei rotunde este Lucian Chi\u015fu. \u00a0 Intrarea la eveniment este liber\u0103.<\/p>\n<p><img decoding=\"async\" src=\"https:\/\/i1.wp.com\/adevarul.ro\/assets\/adevarul.ro\/MRImage\/2017\/02\/21\/58ab6d135ab6550cb8a9cb34\/318x425.jpg?w=800\" data-recalc-dims=\"1\" \/><br \/>\nSursa:adevarul.ro<\/p>\n","protected":false},"excerpt":{"rendered":"<p>Muzeul Na\u0163ional al Literaturii Rom\u00e2ne organizeaz\u0103 pe 21 februarie, ora 17.00, \u00een Sala de Consiliu a Bibliotecii Centrale Universitare \u201eCarol<\/p>\n","protected":false},"author":1,"featured_media":19431,"comment_status":"closed","ping_status":"closed","sticky":false,"template":"","format":"standard","meta":{"spay_email":"","footnotes":"","jetpack_publicize_message":""},"categories":[6],"tags":[],"class_list":["post-19428","post","type-post","status-publish","format-standard","has-post-thumbnail","hentry","category-social"],"jetpack_featured_media_url":"https:\/\/i0.wp.com\/realitatearutiera.ro\/wp-content\/uploads\/2017\/02\/stefan.jpg?fit=646%2C404&ssl=1","jetpack_publicize_connections":[],"jetpack_sharing_enabled":true,"jetpack_shortlink":"https:\/\/wp.me\/p61naM-53m","jetpack-related-posts":[],"_links":{"self":[{"href":"https:\/\/realitatearutiera.ro\/index.php?rest_route=\/wp\/v2\/posts\/19428","targetHints":{"allow":["GET"]}}],"collection":[{"href":"https:\/\/realitatearutiera.ro\/index.php?rest_route=\/wp\/v2\/posts"}],"about":[{"href":"https:\/\/realitatearutiera.ro\/index.php?rest_route=\/wp\/v2\/types\/post"}],"author":[{"embeddable":true,"href":"https:\/\/realitatearutiera.ro\/index.php?rest_route=\/wp\/v2\/users\/1"}],"replies":[{"embeddable":true,"href":"https:\/\/realitatearutiera.ro\/index.php?rest_route=%2Fwp%2Fv2%2Fcomments&post=19428"}],"version-history":[{"count":1,"href":"https:\/\/realitatearutiera.ro\/index.php?rest_route=\/wp\/v2\/posts\/19428\/revisions"}],"predecessor-version":[{"id":19433,"href":"https:\/\/realitatearutiera.ro\/index.php?rest_route=\/wp\/v2\/posts\/19428\/revisions\/19433"}],"wp:featuredmedia":[{"embeddable":true,"href":"https:\/\/realitatearutiera.ro\/index.php?rest_route=\/wp\/v2\/media\/19431"}],"wp:attachment":[{"href":"https:\/\/realitatearutiera.ro\/index.php?rest_route=%2Fwp%2Fv2%2Fmedia&parent=19428"}],"wp:term":[{"taxonomy":"category","embeddable":true,"href":"https:\/\/realitatearutiera.ro\/index.php?rest_route=%2Fwp%2Fv2%2Fcategories&post=19428"},{"taxonomy":"post_tag","embeddable":true,"href":"https:\/\/realitatearutiera.ro\/index.php?rest_route=%2Fwp%2Fv2%2Ftags&post=19428"}],"curies":[{"name":"wp","href":"https:\/\/api.w.org\/{rel}","templated":true}]}}