{"id":19793,"date":"2017-03-03T12:54:23","date_gmt":"2017-03-03T10:54:23","guid":{"rendered":"http:\/\/realitatearutiera.ro\/?p=19793"},"modified":"2017-03-03T08:55:10","modified_gmt":"2017-03-03T06:55:10","slug":"ziua-mondiala-privind-protectia-sanatatii-urechii-si-auzului","status":"publish","type":"post","link":"https:\/\/realitatearutiera.ro\/?p=19793","title":{"rendered":"Ziua mondial\u0103 privind protec\u021bia s\u0103n\u0103t\u0103\u021bii urechii \u0219i auzului"},"content":{"rendered":"<p>Ziua mondial\u0103 privind protec\u021bia s\u0103n\u0103t\u0103\u021bii urechii \u0219i auzului se marcheaz\u0103 \u00een fiecare an la 3 martie, dat\u0103 stabilit\u0103 cu prilejul primei Conferin\u021be interna\u021bionale privind prevenirea deprecierii auzului \u0219i restabilirea acestuia, care a avut loc \u00een 2007 la Beijing, \u00een China.<\/p>\n<p><img decoding=\"async\" src=\"http:\/\/www.agerpres.ro\/agerpres\/imageResize?path=%2Fmedia%2Fimages%2F2017-03%2F03022320-1432397546.jpg&amp;size=6\" \/><\/p>\n<p><i>Cabinet de audiologie modern pentru investiga\u021bii de auz \u0219i reglaje la implant cohlear (Spitalul Clinic de Urgen\u021b\u0103 pentru Copii &#8220;Marie Curie&#8221;, Bucure\u0219ti, 20 ian. 2014).<\/i><\/p>\n<p>\u00cen fiecare an, Ziua mondial\u0103 privind protec\u021bia s\u0103n\u0103t\u0103\u021bii urechii \u0219i auzului abordeaz\u0103 o tem\u0103 \u0219i activit\u0103\u021bi specifice, stabilite de Organiza\u021bia Mondial\u0103 a S\u0103n\u0103t\u0103\u021bii (OMS) \u0219i partenerii s\u0103i. Spre exemplu, \u00een 2016 tema a fost &#8221;Pierderea auzului \u00een copil\u0103rie: Ac\u021bioneaz\u0103 acum, iat\u0103 cum!&#8221;, \u00een 2014 \u2014 &#8221;\u00cengrijirea urechii poate preveni pierderea auzului&#8221;, iar \u00een 2013 \u2014 &#8221;Un auz s\u0103n\u0103tos, o via\u021b\u0103 fericit\u0103 \u2014 \u00cengrijirea s\u0103n\u0103t\u0103\u021bii auzului la persoanele \u00een v\u00e2rst\u0103&#8221;.<\/p>\n<p>\u00cen 2017, Ziua mondial\u0103 privind protec\u021bia s\u0103n\u0103t\u0103\u021bii urechii \u0219i auzului eviden\u021biaz\u0103 ac\u021biunile care pot fi \u00eentreprinse de c\u0103tre factorii de decizie \u00een ceea ce prive\u0219te problema pierderii auzului. Tema din acest an are ca scop s\u0103 atrag\u0103 aten\u021bia asupra impactului economic al pierderii auzului \u0219i asupra eficien\u021bei costurilor interven\u021biilor pentru redresarea auzului. Prevenirea, screening-ul pentru identificarea timpurie, reabilitarea auzului cu ajutorul dispozitivelor auditive, subtitr\u0103rile \u0219i limbajul semnelor \u00een educa\u021bie se num\u0103r\u0103 printre strategiile care pot diminua pierderea auzului \u0219i consecin\u021bele acesteia.<\/p>\n<p>Marcarea acestei zile are menirea de a sensibiliza \u0219i con\u0219tientiza oamenii din lumea \u00eentreag\u0103 cu privire la problemele legate de \u00eengrijirea urechii \u0219i a auzului. Data de 3 martie \u2014 a treia zi din cea de-a treia lun\u0103 a anului \u2014 a fost aleas\u0103 datorit\u0103 formei numerelor 3.3, reprezentative pentru cele dou\u0103 urechi.<\/p>\n<p>Cu prilejul Zilei mondiale privind protec\u021bia s\u0103n\u0103t\u0103\u021bii urechii \u0219i auzului, OMS organizeaz\u0103 o serie de activit\u0103\u021bi \u0219i lanseaz\u0103 rapoarte privind noi estim\u0103ri ale num\u0103rului de persoane expuse riscului de pierdere a auzului din diverse cauze, precum \u0219i bro\u0219uri, afi\u0219e \u0219i infografice cu tema zilei.<\/p>\n<p>Potrivit celor mai recente estim\u0103ri ale OMS, la nivel mondial 360 de milioane de persoane sufer\u0103 \u00een prezent de diferite grade de pierdere a auzului, din diverse cauze (zgomot, afec\u021biuni genetice, boli infec\u021bioase, diverse medicamente, \u00eemb\u0103tr\u00e2nire \u0219.a.). Totodat\u0103, 1,1 miliarde de adolescen\u021bi \u0219i adul\u021bi tineri prezint\u0103 riscul de a suferi o pierdere a auzului ca urmare a utiliz\u0103rii nesigure a dispozitivelor audio personale \u0219i expunerii la niveluri nocive ale sunetului \u00een diverse locuri zgomotoase. Aproximativ 43 de milioane de oameni cu v\u00e2rsta \u00eentre 12 \u0219i 35 de ani tr\u0103iesc cu acest handicap, potrivit estim\u0103rilor OMS. \u00cen Rom\u00e2nia, aproximativ 11% din popula\u021bie sufer\u0103 de deficien\u021be de auz \u0219i ar avea nevoie de aparate auditive.<\/p>\n<p>Speciali\u0219tii spun c\u0103, \u00een ultima perioad\u0103, zgomotul este o cauz\u0103 foarte des \u00eent\u00e2lnit\u0103 care afecteaz\u0103 auzul, fie pentru o perioad\u0103 mai scurt\u0103 de timp, fie definitiv. Auzul se testeaz\u0103 prin efectuarea unei audiograme, prin care se stabile\u0219te, eventual, \u0219i gradul de hipoacuzie.<\/p>\n<p>Sursa:agerpres.ro<\/p>\n","protected":false},"excerpt":{"rendered":"<p>Ziua mondial\u0103 privind protec\u021bia s\u0103n\u0103t\u0103\u021bii urechii \u0219i auzului se marcheaz\u0103 \u00een fiecare an la 3 martie, dat\u0103 stabilit\u0103 cu prilejul<\/p>\n","protected":false},"author":1,"featured_media":19794,"comment_status":"closed","ping_status":"closed","sticky":false,"template":"","format":"standard","meta":{"spay_email":"","footnotes":"","jetpack_publicize_message":""},"categories":[1],"tags":[],"class_list":["post-19793","post","type-post","status-publish","format-standard","has-post-thumbnail","hentry","category-uncategorized"],"jetpack_featured_media_url":"https:\/\/i0.wp.com\/realitatearutiera.ro\/wp-content\/uploads\/2017\/03\/banner-ziua-auzului-site2-1024x449.jpg?fit=%2C&ssl=1","jetpack_publicize_connections":[],"jetpack_sharing_enabled":true,"jetpack_shortlink":"https:\/\/wp.me\/p61naM-59f","jetpack-related-posts":[],"_links":{"self":[{"href":"https:\/\/realitatearutiera.ro\/index.php?rest_route=\/wp\/v2\/posts\/19793","targetHints":{"allow":["GET"]}}],"collection":[{"href":"https:\/\/realitatearutiera.ro\/index.php?rest_route=\/wp\/v2\/posts"}],"about":[{"href":"https:\/\/realitatearutiera.ro\/index.php?rest_route=\/wp\/v2\/types\/post"}],"author":[{"embeddable":true,"href":"https:\/\/realitatearutiera.ro\/index.php?rest_route=\/wp\/v2\/users\/1"}],"replies":[{"embeddable":true,"href":"https:\/\/realitatearutiera.ro\/index.php?rest_route=%2Fwp%2Fv2%2Fcomments&post=19793"}],"version-history":[{"count":1,"href":"https:\/\/realitatearutiera.ro\/index.php?rest_route=\/wp\/v2\/posts\/19793\/revisions"}],"predecessor-version":[{"id":19800,"href":"https:\/\/realitatearutiera.ro\/index.php?rest_route=\/wp\/v2\/posts\/19793\/revisions\/19800"}],"wp:featuredmedia":[{"embeddable":true,"href":"https:\/\/realitatearutiera.ro\/index.php?rest_route=\/wp\/v2\/media\/19794"}],"wp:attachment":[{"href":"https:\/\/realitatearutiera.ro\/index.php?rest_route=%2Fwp%2Fv2%2Fmedia&parent=19793"}],"wp:term":[{"taxonomy":"category","embeddable":true,"href":"https:\/\/realitatearutiera.ro\/index.php?rest_route=%2Fwp%2Fv2%2Fcategories&post=19793"},{"taxonomy":"post_tag","embeddable":true,"href":"https:\/\/realitatearutiera.ro\/index.php?rest_route=%2Fwp%2Fv2%2Ftags&post=19793"}],"curies":[{"name":"wp","href":"https:\/\/api.w.org\/{rel}","templated":true}]}}