{"id":20346,"date":"2017-03-22T15:32:43","date_gmt":"2017-03-22T13:32:43","guid":{"rendered":"http:\/\/realitatearutiera.ro\/?p=20346"},"modified":"2017-03-22T15:32:43","modified_gmt":"2017-03-22T13:32:43","slug":"a-fost-votata-masina-anului-2017","status":"publish","type":"post","link":"https:\/\/realitatearutiera.ro\/?p=20346","title":{"rendered":"A fost votat\u0103 MA\u0218INA ANULUI 2017"},"content":{"rendered":"<p>SUv-ul de talie mic\u0103 fran\u021buzesc a c\u00e2\u0219tigat marele concurs. Desemnarea \u00eenving\u0103torului a avut loc, ca \u00een fiecare an la Geneva, iar Peugeot 3008 a adunat 319 puncte, podiumul fiind completat de Alfa Romeo Giulia (296 puncte) \u0219i Mercedes-Benz E Klasse.<\/p>\n<p>Cu o zi \u00eenaintea Salonului Auto de la Geneva, juriul \u201cCar of the Year\u201d decerneaz\u0103 premiul Ma\u0219ina anului \u00een Europa. 2017 este anul lui Peugeot 3008, micul SUV al francezilor c\u00e2\u0219tig\u00e2nd lupta cu celelalte \u0219ase finaliste. Juriul COTY, format din 58 de jurnali\u0219ti din 22 de \u021b\u0103ri europene, a desemnat victorioas\u0103, cu un total de 319 puncte, drept \u201dMa\u0219ina Anului 2017\u201d, modelul francezilor. O ma\u0219in\u0103 f\u0103r\u0103 trac\u021biune integral\u0103, dar care are un interior cu adev\u0103rat spectaculos.\u00a0Acest trofeu prestigios se al\u0103tur\u0103 celor alte 20 de premii pentru Peugeot 3008 c\u00e2\u0219tigate deja.\u00a0<img loading=\"lazy\" decoding=\"async\" data-attachment-id=\"4645\" data-permalink=\"https:\/\/realitatearutiera.ro\/?attachment_id=4645\" data-orig-file=\"https:\/\/i1.wp.com\/realitatearutiera.ro\/wp-content\/uploads\/2015\/09\/image11-150x150.jpg?fit=150%2C150&amp;ssl=1\" data-orig-size=\"150,150\" data-comments-opened=\"1\" data-image-meta=\"{&quot;aperture&quot;:&quot;0&quot;,&quot;credit&quot;:&quot;&quot;,&quot;camera&quot;:&quot;&quot;,&quot;caption&quot;:&quot;&quot;,&quot;created_timestamp&quot;:&quot;0&quot;,&quot;copyright&quot;:&quot;&quot;,&quot;focal_length&quot;:&quot;0&quot;,&quot;iso&quot;:&quot;0&quot;,&quot;shutter_speed&quot;:&quot;0&quot;,&quot;title&quot;:&quot;&quot;,&quot;orientation&quot;:&quot;0&quot;}\" data-image-title=\"image11-150&amp;#215;150\" data-image-description=\"\" data-medium-file=\"https:\/\/i1.wp.com\/realitatearutiera.ro\/wp-content\/uploads\/2015\/09\/image11-150x150.jpg?fit=150%2C150&amp;ssl=1\" data-large-file=\"https:\/\/i1.wp.com\/realitatearutiera.ro\/wp-content\/uploads\/2015\/09\/image11-150x150.jpg?fit=150%2C150&amp;ssl=1\" class=\"alignright size-medium wp-image-4645\" src=\"https:\/\/i0.wp.com\/lifestylemag.ro\/wp-content\/uploads\/2017\/03\/Peugeot-3008_interior-300x225.jpg?resize=300%2C225\" sizes=\"auto, (max-width: 300px) 100vw, 300px\" srcset=\"https:\/\/i0.wp.com\/lifestylemag.ro\/wp-content\/uploads\/2017\/03\/Peugeot-3008_interior-300x225.jpg?resize=300%2C225 300w, http:\/\/lifestylemag.ro\/wp-content\/uploads\/2017\/03\/Peugeot-3008_interior-768x576.jpg 768w, http:\/\/lifestylemag.ro\/wp-content\/uploads\/2017\/03\/Peugeot-3008_interior.jpg 800w\" alt=\"\" width=\"300\" height=\"225\" data-recalc-dims=\"1\" \/><\/p>\n<p>3008 este cel de-al cincilea model Peugeot care reu\u0219e\u0219te s\u0103 c\u00e2\u0219tige \u201cMa\u0219ina Anului\u201d, fiind \u00eens\u0103 primul SUV onorat cu aceast\u0103 distinc\u021bie COTY. P\u00e2n\u0103 \u00een 2017, Peugeot 308 (2014), Peugeot 307 (2002), Peugeot 405 (1988) \u0219i Peugeot 504 (1969) au fost regine pentru un an \u00een Europa. Aproape 100.000 de clien\u021bi au plasat deja comenzi \u00een Europa pentru acest model.<\/p>\n<p>Ce punctaje au ob\u021binut cele 7 finaliste:<\/p>\n<ol>\n<li>Peugeot 3008 (319p)<\/li>\n<li>Alfa Romeo Giulia (296p)<\/li>\n<li>Mercedes-Benz E Klasse (197p)<\/li>\n<li>Volvo S90 (172p)<\/li>\n<li>Citroen C3 (166p)<\/li>\n<li>Toyota CH-R (165p)<\/li>\n<li>Nissan Micra (135p)<\/li>\n<\/ol>\n","protected":false},"excerpt":{"rendered":"<p>SUv-ul de talie mic\u0103 fran\u021buzesc a c\u00e2\u0219tigat marele concurs. Desemnarea \u00eenving\u0103torului a avut loc, ca \u00een fiecare an la Geneva,<\/p>\n","protected":false},"author":1,"featured_media":19883,"comment_status":"closed","ping_status":"closed","sticky":false,"template":"","format":"standard","meta":{"spay_email":"","footnotes":"","jetpack_publicize_message":""},"categories":[12],"tags":[],"class_list":["post-20346","post","type-post","status-publish","format-standard","has-post-thumbnail","hentry","category-stiri-internationale"],"jetpack_featured_media_url":"https:\/\/i1.wp.com\/realitatearutiera.ro\/wp-content\/uploads\/2017\/03\/masina-anului.jpg?fit=711%2C400&ssl=1","jetpack_publicize_connections":[],"jetpack_sharing_enabled":true,"jetpack_shortlink":"https:\/\/wp.me\/p61naM-5ia","jetpack-related-posts":[],"_links":{"self":[{"href":"https:\/\/realitatearutiera.ro\/index.php?rest_route=\/wp\/v2\/posts\/20346","targetHints":{"allow":["GET"]}}],"collection":[{"href":"https:\/\/realitatearutiera.ro\/index.php?rest_route=\/wp\/v2\/posts"}],"about":[{"href":"https:\/\/realitatearutiera.ro\/index.php?rest_route=\/wp\/v2\/types\/post"}],"author":[{"embeddable":true,"href":"https:\/\/realitatearutiera.ro\/index.php?rest_route=\/wp\/v2\/users\/1"}],"replies":[{"embeddable":true,"href":"https:\/\/realitatearutiera.ro\/index.php?rest_route=%2Fwp%2Fv2%2Fcomments&post=20346"}],"version-history":[{"count":1,"href":"https:\/\/realitatearutiera.ro\/index.php?rest_route=\/wp\/v2\/posts\/20346\/revisions"}],"predecessor-version":[{"id":20347,"href":"https:\/\/realitatearutiera.ro\/index.php?rest_route=\/wp\/v2\/posts\/20346\/revisions\/20347"}],"wp:featuredmedia":[{"embeddable":true,"href":"https:\/\/realitatearutiera.ro\/index.php?rest_route=\/wp\/v2\/media\/19883"}],"wp:attachment":[{"href":"https:\/\/realitatearutiera.ro\/index.php?rest_route=%2Fwp%2Fv2%2Fmedia&parent=20346"}],"wp:term":[{"taxonomy":"category","embeddable":true,"href":"https:\/\/realitatearutiera.ro\/index.php?rest_route=%2Fwp%2Fv2%2Fcategories&post=20346"},{"taxonomy":"post_tag","embeddable":true,"href":"https:\/\/realitatearutiera.ro\/index.php?rest_route=%2Fwp%2Fv2%2Ftags&post=20346"}],"curies":[{"name":"wp","href":"https:\/\/api.w.org\/{rel}","templated":true}]}}