{"id":2042,"date":"2015-06-03T04:49:45","date_gmt":"2015-06-03T04:49:45","guid":{"rendered":"http:\/\/realitatearutiera.ro\/?p=2042"},"modified":"2015-06-03T04:49:45","modified_gmt":"2015-06-03T04:49:45","slug":"s-a-rasturnat-cu-masina-pe-un-pod-dupa-ce-a-derapat-pe-carosabilul-umed","status":"publish","type":"post","link":"https:\/\/realitatearutiera.ro\/?p=2042","title":{"rendered":"S-a r\u0103sturnat cu ma\u015fina pe un pod, dup\u0103 ce a derapat pe carosabilul umed!"},"content":{"rendered":"<p><strong>Un b\u0103rbat \u00een v\u00e2rst\u0103 de 57 de ani a trecut prin momente de co\u015fmar dup\u0103 ce a sc\u0103pat de sub control ma\u015fina pe care o conducea \u015fi s-a r\u0103sturnat pe un pod de pe DN 17, pe raza satului Molid, comuna Vama. <\/strong><\/p>\n<p>Accidentul s-a petrecut duminic\u0103, \u00een jurul orei 16.30, c\u00e2nd DN 17 avea aderen\u0163\u0103 sc\u0103zut\u0103, carosabilul fiind ud \u00een urma unei ploi toren\u0163iale.<\/p>\n<p>Conform anchetei poli\u0163iei, conduc\u0103torul auto, Mircea M., din municipiul Suceava, aflat la volanul unui VW Golf, a intrat cu vitez\u0103 neadaptat\u0103 \u00eentr-o curb\u0103 la dreapta, moment \u00een care a pierdut controlul asupra direc\u0163iei de deplasare. Autoturismul s-a r\u0103sturnat pe carosabil, \u00een timpul deplas\u0103rii necontrolate acro\u015f\u00e2nd \u00een partea lateral spate un Mercedes Benz care trecea prin zon\u0103 \u015fi era condus de un b\u0103rbat \u00een v\u00e2rst\u0103 de 41 de ani, din municipiul Ploie\u015fti.<\/p>\n<p>La fa\u0163a locului a ajuns un echipaj SMURD, care l-a preluat pe b\u0103rbatul \u00een v\u00e2rst\u0103 de 57 de ani din ma\u015fina r\u0103sturnat\u0103. Acesta a fost diagnosticat ulterior cu leziuni care nu \u00eei pun via\u0163a \u00een pericol.<\/p>\n<p>Poli\u0163ia precizeaz\u0103 c\u0103 ambii conduc\u0103tori auto au fost verifica\u0163i cu aparatul etilotest, rezult\u00e2nd c\u0103 nu erau b\u0103u\u0163i.<\/p>\n","protected":false},"excerpt":{"rendered":"<p>Un b\u0103rbat \u00een v\u00e2rst\u0103 de 57 de ani a trecut prin momente de co\u015fmar dup\u0103 ce a sc\u0103pat de sub<\/p>\n","protected":false},"author":1,"featured_media":408,"comment_status":"open","ping_status":"open","sticky":false,"template":"","format":"standard","meta":{"spay_email":"","footnotes":"","jetpack_publicize_message":""},"categories":[1,11],"tags":[],"class_list":["post-2042","post","type-post","status-publish","format-standard","has-post-thumbnail","hentry","category-uncategorized","category-stiri-interne"],"jetpack_featured_media_url":"https:\/\/i0.wp.com\/realitatearutiera.ro\/wp-content\/uploads\/2015\/03\/bicicletabelita.jpg?fit=900%2C600&ssl=1","jetpack_publicize_connections":[],"jetpack_sharing_enabled":true,"jetpack_shortlink":"https:\/\/wp.me\/p61naM-wW","jetpack-related-posts":[],"_links":{"self":[{"href":"https:\/\/realitatearutiera.ro\/index.php?rest_route=\/wp\/v2\/posts\/2042","targetHints":{"allow":["GET"]}}],"collection":[{"href":"https:\/\/realitatearutiera.ro\/index.php?rest_route=\/wp\/v2\/posts"}],"about":[{"href":"https:\/\/realitatearutiera.ro\/index.php?rest_route=\/wp\/v2\/types\/post"}],"author":[{"embeddable":true,"href":"https:\/\/realitatearutiera.ro\/index.php?rest_route=\/wp\/v2\/users\/1"}],"replies":[{"embeddable":true,"href":"https:\/\/realitatearutiera.ro\/index.php?rest_route=%2Fwp%2Fv2%2Fcomments&post=2042"}],"version-history":[{"count":1,"href":"https:\/\/realitatearutiera.ro\/index.php?rest_route=\/wp\/v2\/posts\/2042\/revisions"}],"predecessor-version":[{"id":2043,"href":"https:\/\/realitatearutiera.ro\/index.php?rest_route=\/wp\/v2\/posts\/2042\/revisions\/2043"}],"wp:featuredmedia":[{"embeddable":true,"href":"https:\/\/realitatearutiera.ro\/index.php?rest_route=\/wp\/v2\/media\/408"}],"wp:attachment":[{"href":"https:\/\/realitatearutiera.ro\/index.php?rest_route=%2Fwp%2Fv2%2Fmedia&parent=2042"}],"wp:term":[{"taxonomy":"category","embeddable":true,"href":"https:\/\/realitatearutiera.ro\/index.php?rest_route=%2Fwp%2Fv2%2Fcategories&post=2042"},{"taxonomy":"post_tag","embeddable":true,"href":"https:\/\/realitatearutiera.ro\/index.php?rest_route=%2Fwp%2Fv2%2Ftags&post=2042"}],"curies":[{"name":"wp","href":"https:\/\/api.w.org\/{rel}","templated":true}]}}