{"id":20424,"date":"2017-03-27T08:34:04","date_gmt":"2017-03-27T06:34:04","guid":{"rendered":"http:\/\/realitatearutiera.ro\/?p=20424"},"modified":"2017-03-27T08:36:06","modified_gmt":"2017-03-27T06:36:06","slug":"20424","status":"publish","type":"post","link":"https:\/\/realitatearutiera.ro\/?p=20424","title":{"rendered":"Au murit \u00een accidente rutiere diferite la distan\u021b\u0103 de 30 de minute"},"content":{"rendered":"<h2>O mam\u0103 \u0219i fiica ei \u00een v\u00e2rst\u0103 de opt ani au murit la doar jum\u0103tate de or\u0103 distan\u021b\u0103 \u00een accidente rutiere diferite, care au avut loc pe aceea\u0219i strad\u0103, scrie<a href=\"https:\/\/www.thesun.co.uk\/news\/3168639\/alabama-mum-dies-in-crash-minutes-before-daughter-killed-run-over\/\" target=\"_blank\">\u00a0The Sun<\/a>.<\/h2>\n<p>Julia Yates Patterson a fost ucis\u0103 \u00een urma unei coliziuni frontale \u00een timp ce \u00ee\u0219i conducea ma\u0219ina \u00een apropierea locuin\u021bei sale. Femeia a fost declarat\u0103 decedat\u0103 la locul accidentului.<\/p>\n<p>La numai 30 de minute dup\u0103 accident, fiica femeii, Elizabeth, \u00een v\u00e2rst\u0103 de opt ani, a fost lovit\u0103 de o ma\u0219in\u0103 pe aceea\u0219i strad\u0103 \u0219i a murit pe loc. Feti\u021ba se \u00eentorcea acas\u0103 de la \u0219coal\u0103.<\/p>\n<p><img loading=\"lazy\" decoding=\"async\" class=\"\" src=\"https:\/\/i2.wp.com\/www.reporterntv.ro\/flux\/imagini\/2017\/03\/26\/original\/tragedie-mama-si-fiica-moarte-in-accidente-diferite-pe-aceeasi-strada-la-diferenta-de-30-de-minute-37199.jpg?resize=707%2C397\" alt=\"TRAGEDIE! Mam\u0103 \u0219i fiic\u0103 moarte \u00een accidente diferite, pe aceea\u0219i strad\u0103, la diferen\u021b\u0103 de 30 de minute!\" width=\"707\" height=\"397\" data-recalc-dims=\"1\" \/><\/p>\n","protected":false},"excerpt":{"rendered":"<p>O mam\u0103 \u0219i fiica ei \u00een v\u00e2rst\u0103 de opt ani au murit la doar jum\u0103tate de or\u0103 distan\u021b\u0103 \u00een accidente<\/p>\n","protected":false},"author":1,"featured_media":679,"comment_status":"closed","ping_status":"closed","sticky":false,"template":"","format":"standard","meta":{"spay_email":"","footnotes":"","jetpack_publicize_message":""},"categories":[12],"tags":[],"class_list":["post-20424","post","type-post","status-publish","format-standard","has-post-thumbnail","hentry","category-stiri-internationale"],"jetpack_featured_media_url":"https:\/\/i0.wp.com\/realitatearutiera.ro\/wp-content\/uploads\/2015\/03\/accident-brasov.jpg?fit=640%2C426&ssl=1","jetpack_publicize_connections":[],"jetpack_sharing_enabled":true,"jetpack_shortlink":"https:\/\/wp.me\/s61naM-20424","jetpack-related-posts":[],"_links":{"self":[{"href":"https:\/\/realitatearutiera.ro\/index.php?rest_route=\/wp\/v2\/posts\/20424","targetHints":{"allow":["GET"]}}],"collection":[{"href":"https:\/\/realitatearutiera.ro\/index.php?rest_route=\/wp\/v2\/posts"}],"about":[{"href":"https:\/\/realitatearutiera.ro\/index.php?rest_route=\/wp\/v2\/types\/post"}],"author":[{"embeddable":true,"href":"https:\/\/realitatearutiera.ro\/index.php?rest_route=\/wp\/v2\/users\/1"}],"replies":[{"embeddable":true,"href":"https:\/\/realitatearutiera.ro\/index.php?rest_route=%2Fwp%2Fv2%2Fcomments&post=20424"}],"version-history":[{"count":3,"href":"https:\/\/realitatearutiera.ro\/index.php?rest_route=\/wp\/v2\/posts\/20424\/revisions"}],"predecessor-version":[{"id":20434,"href":"https:\/\/realitatearutiera.ro\/index.php?rest_route=\/wp\/v2\/posts\/20424\/revisions\/20434"}],"wp:featuredmedia":[{"embeddable":true,"href":"https:\/\/realitatearutiera.ro\/index.php?rest_route=\/wp\/v2\/media\/679"}],"wp:attachment":[{"href":"https:\/\/realitatearutiera.ro\/index.php?rest_route=%2Fwp%2Fv2%2Fmedia&parent=20424"}],"wp:term":[{"taxonomy":"category","embeddable":true,"href":"https:\/\/realitatearutiera.ro\/index.php?rest_route=%2Fwp%2Fv2%2Fcategories&post=20424"},{"taxonomy":"post_tag","embeddable":true,"href":"https:\/\/realitatearutiera.ro\/index.php?rest_route=%2Fwp%2Fv2%2Ftags&post=20424"}],"curies":[{"name":"wp","href":"https:\/\/api.w.org\/{rel}","templated":true}]}}