{"id":21248,"date":"2017-04-20T12:24:11","date_gmt":"2017-04-20T09:24:11","guid":{"rendered":"http:\/\/realitatearutiera.ro\/?p=21248"},"modified":"2017-04-20T08:27:11","modified_gmt":"2017-04-20T05:27:11","slug":"semnificatii-istorice-pentru-ziua-de-20-aprilie","status":"publish","type":"post","link":"https:\/\/realitatearutiera.ro\/?p=21248","title":{"rendered":"Semnifica\u0163ii istorice pentru ziua de 20 aprilie"},"content":{"rendered":"<p>\u00cen 1889, s-a n\u0103scut dictatorul Adolf Hitler. (m. 30 aprilie 1945)<\/p>\n<p><img loading=\"lazy\" decoding=\"async\" class=\"\" src=\"https:\/\/i0.wp.com\/storage0.dms.mpinteractiv.ro\/media\/1\/1\/1706\/16237809\/2\/adolf-hitler.jpg?resize=422%2C317\" width=\"422\" height=\"317\" data-recalc-dims=\"1\" \/><\/p>\n<p><strong>1517<\/strong> &#8211; \u00cencepe domnia lui \u015etef\u0103ni\u0163\u0103 Vod\u0103 \u00een Moldova (1517\u20131527). Este fiul lui Bogdan al III-lea \u015fi nepotul lui \u015etefan cel Mare<\/p>\n<hr \/>\n<p><strong>1792<\/strong> &#8211; Regele Ludovic al XVI-lea declar\u0103 oficial r\u0103zboi regelui Boemiei \u015fi Ungariei<\/p>\n<hr \/>\n<p><strong>1808<\/strong> &#8211; S-a n\u0103scut \u00eemp\u0103ratul francez Napoleon al III-lea (m. ian. 1873)<\/p>\n<p><strong>1809<\/strong> &#8211; Victoria lui Napoleon asupra trupelor imperiului Austriac \u00een b\u0103t\u0103lia de la Abensberg<\/p>\n<hr \/>\n<p><strong>1908<\/strong> &#8211; S-a n\u0103scut Lionel Hampton, o figur\u0103 marcant\u0103 a epocii big band\u2013urilor de jazz. (m. 31 august 2002)<\/p>\n<hr \/>\n<p><strong>1921<\/strong> &#8211; Rom\u00e2nia a semnat Conven\u0163ia \u015fi Statutul asupra regimului c\u0103ilor navigabile de interes na\u0163ional, precum \u015fi Conven\u0163ia \u015fi Statutul asupra libert\u0103\u0163ii tranzitului, adoptate \u00een cadrul Conferin\u0163ei de la Barcelona.<\/p>\n<hr \/>\n<p><strong>1938<\/strong> &#8211; A fost dizolvat partidul na\u0163ionalist \u201cTotul pentru \u0163ar\u0103\u201d<\/p>\n<hr \/>\n<p><strong>1943<\/strong> &#8211; \u00centr\u2013o scrisoare adresat\u0103 mare\u015falului Ion Antonescu, Constantin Br\u0103tianu \u015fi Iuliu Maniu, pre\u015fedin\u0163ii principalelor partide politice din opozi\u0163ie, protesteaz\u0103 \u00eempotriva inten\u0163iei de a angaja Rom\u00e2nia \u00eentr-un razboi direct contra marilor democra\u0163ii occidentale<\/p>\n<hr \/>\n<p><strong>1947<\/strong> &#8211; Presa anun\u0163\u0103 punerea \u00een circula\u0163ie a bancnotelor de 1 milion de lei. Este momentul \u00een care infla\u0163ia \u00eencepe s\u0103 creasc\u0103 vertiginos<\/p>\n<hr \/>\n<p><strong>1949<\/strong> &#8211; A avut loc primul Congres mondial al partizanilor p\u0103cii<\/p>\n<hr \/>\n<p><strong>1950<\/strong> &#8211; A \u00eenceput na\u0163ionalizarea unei p\u0103r\u0163i a fondului de locuin\u0163e de la ora\u015fe<\/p>\n<hr \/>\n<p><strong>1999<\/strong>\u00a0 &#8211; Consiliul Suprem de Ap\u0103rare a \u0162\u0103rii a aprobat solicitarea Alian\u0163ei Nord-Atlantice privind accesul f\u0103r\u0103 restric\u0163ii \u00een spa\u0163iul aerian rom\u00e2nesc.<\/p>\n<hr \/>\n<p><strong>2008<\/strong> &#8211; A murit Monica Lovinescu, ziarist\u0103, critic literar \u015fi cunoscut\u0103 comentatoare de radio, fiic\u0103 a criticului Eugen Lovinescu (n. 1923)<\/p>\n<p>Sursa:mediafax.ro<\/p>\n","protected":false},"excerpt":{"rendered":"<p>\u00cen 1889, s-a n\u0103scut dictatorul Adolf Hitler. (m. 30 aprilie 1945) 1517 &#8211; \u00cencepe domnia lui \u015etef\u0103ni\u0163\u0103 Vod\u0103 \u00een Moldova<\/p>\n","protected":false},"author":1,"featured_media":0,"comment_status":"closed","ping_status":"closed","sticky":false,"template":"","format":"standard","meta":{"spay_email":"","footnotes":"","jetpack_publicize_message":""},"categories":[6],"tags":[],"class_list":["post-21248","post","type-post","status-publish","format-standard","hentry","category-social"],"jetpack_featured_media_url":"","jetpack_publicize_connections":[],"jetpack_sharing_enabled":true,"jetpack_shortlink":"https:\/\/wp.me\/p61naM-5wI","jetpack-related-posts":[],"_links":{"self":[{"href":"https:\/\/realitatearutiera.ro\/index.php?rest_route=\/wp\/v2\/posts\/21248","targetHints":{"allow":["GET"]}}],"collection":[{"href":"https:\/\/realitatearutiera.ro\/index.php?rest_route=\/wp\/v2\/posts"}],"about":[{"href":"https:\/\/realitatearutiera.ro\/index.php?rest_route=\/wp\/v2\/types\/post"}],"author":[{"embeddable":true,"href":"https:\/\/realitatearutiera.ro\/index.php?rest_route=\/wp\/v2\/users\/1"}],"replies":[{"embeddable":true,"href":"https:\/\/realitatearutiera.ro\/index.php?rest_route=%2Fwp%2Fv2%2Fcomments&post=21248"}],"version-history":[{"count":1,"href":"https:\/\/realitatearutiera.ro\/index.php?rest_route=\/wp\/v2\/posts\/21248\/revisions"}],"predecessor-version":[{"id":21250,"href":"https:\/\/realitatearutiera.ro\/index.php?rest_route=\/wp\/v2\/posts\/21248\/revisions\/21250"}],"wp:attachment":[{"href":"https:\/\/realitatearutiera.ro\/index.php?rest_route=%2Fwp%2Fv2%2Fmedia&parent=21248"}],"wp:term":[{"taxonomy":"category","embeddable":true,"href":"https:\/\/realitatearutiera.ro\/index.php?rest_route=%2Fwp%2Fv2%2Fcategories&post=21248"},{"taxonomy":"post_tag","embeddable":true,"href":"https:\/\/realitatearutiera.ro\/index.php?rest_route=%2Fwp%2Fv2%2Ftags&post=21248"}],"curies":[{"name":"wp","href":"https:\/\/api.w.org\/{rel}","templated":true}]}}