{"id":2164,"date":"2015-06-09T06:27:23","date_gmt":"2015-06-09T06:27:23","guid":{"rendered":"http:\/\/realitatearutiera.ro\/?p=2164"},"modified":"2015-06-09T06:28:07","modified_gmt":"2015-06-09T06:28:07","slug":"hyundai-santa-fe-a-devenit-noul-papamobil-foto","status":"publish","type":"post","link":"https:\/\/realitatearutiera.ro\/?p=2164","title":{"rendered":"Hyundai Santa Fe a devenit noul Papamobil ! FOTO !"},"content":{"rendered":"<p><strong>Hyundai a livrat noul Papamobil. Vorbim despre un Santa Fe pre-facelift care \u00eel va servi pe Papa Francisc \u00een timpul ie\u0219irilor \u00een public. Modelul sud-coreean a fost transformat \u00eentr-unul decapotabil \u0219i a putut fi admirat pentru prima dat\u0103 \u00een cursul s\u0103pt\u0103m\u00e2nii trecute.<\/strong><\/p>\n<p>Papa Francisc a ie\u0219it \u00een Pia\u021ba Sf\u00e2ntul Petru din Roma, pentru a-\u0219i \u021bine cuv\u00e2ntarea, pe locurile din spate ale noului s\u0103u Papamobil.<\/p>\n<p>Conform primelor informa\u021bii, a fost ales modelul asiatic pentru faptul c\u0103 nu este at\u00e2t de lat precum vechile versiuni oferite de Mercedes-Benz. Astfel, trecerile prin mul\u021bime se vor face cu mai mult\u0103 u\u0219urin\u021b\u0103. A\u0219a cum era normal, dup\u0103 deschiderea portierelor din spate \u00ee\u0219i face apari\u021bia o treapt\u0103 special\u0103.<\/p>\n<p><a href=\"https:\/\/i1.wp.com\/www.auto-bild.ro\/wp-content\/uploads\/2015\/06\/hyundai-santa-fe-1.jpg\"><img loading=\"lazy\" decoding=\"async\" class=\" wp-image-67793 size-photoGallery aligncenter\" src=\"https:\/\/i2.wp.com\/www.auto-bild.ro\/wp-content\/uploads\/2015\/06\/hyundai-santa-fe-1-636x400.jpg?resize=636%2C400\" alt=\"hyundai santa fe (1)\" width=\"636\" height=\"400\" data-recalc-dims=\"1\" \/><\/a><\/p>\n<p>Un alt lucru interesant este acela c\u0103 noul Papamobil nu dispune de clasicul \u201ebalon\u201d de sticl\u0103 antiglon\u021b care s\u0103-l protejeze pe Suveranul Pontif.<\/p>\n<p><a href=\"https:\/\/i0.wp.com\/realitatearutiera.ro\/wp-content\/uploads\/2015\/06\/PAPAMOBIL2.jpg\"><img loading=\"lazy\" decoding=\"async\" data-attachment-id=\"2165\" data-permalink=\"https:\/\/realitatearutiera.ro\/?attachment_id=2165\" data-orig-file=\"https:\/\/i0.wp.com\/realitatearutiera.ro\/wp-content\/uploads\/2015\/06\/PAPAMOBIL2.jpg?fit=626%2C382&amp;ssl=1\" data-orig-size=\"626,382\" data-comments-opened=\"1\" data-image-meta=\"{&quot;aperture&quot;:&quot;0&quot;,&quot;credit&quot;:&quot;&quot;,&quot;camera&quot;:&quot;&quot;,&quot;caption&quot;:&quot;&quot;,&quot;created_timestamp&quot;:&quot;0&quot;,&quot;copyright&quot;:&quot;&quot;,&quot;focal_length&quot;:&quot;0&quot;,&quot;iso&quot;:&quot;0&quot;,&quot;shutter_speed&quot;:&quot;0&quot;,&quot;title&quot;:&quot;&quot;,&quot;orientation&quot;:&quot;0&quot;}\" data-image-title=\"PAPAMOBIL2\" data-image-description=\"\" data-medium-file=\"https:\/\/i0.wp.com\/realitatearutiera.ro\/wp-content\/uploads\/2015\/06\/PAPAMOBIL2.jpg?fit=300%2C183&amp;ssl=1\" data-large-file=\"https:\/\/i0.wp.com\/realitatearutiera.ro\/wp-content\/uploads\/2015\/06\/PAPAMOBIL2.jpg?fit=626%2C382&amp;ssl=1\" class=\" size-full wp-image-2165 aligncenter\" src=\"https:\/\/i0.wp.com\/realitatearutiera.ro\/wp-content\/uploads\/2015\/06\/PAPAMOBIL2.jpg?resize=626%2C382\" alt=\"PAPAMOBIL2\" width=\"626\" height=\"382\" srcset=\"https:\/\/i0.wp.com\/realitatearutiera.ro\/wp-content\/uploads\/2015\/06\/PAPAMOBIL2.jpg?w=626&amp;ssl=1 626w, https:\/\/i0.wp.com\/realitatearutiera.ro\/wp-content\/uploads\/2015\/06\/PAPAMOBIL2.jpg?resize=300%2C183&amp;ssl=1 300w\" sizes=\"auto, (max-width: 626px) 100vw, 626px\" data-recalc-dims=\"1\" \/><\/a><\/p>\n","protected":false},"excerpt":{"rendered":"<p>Hyundai a livrat noul Papamobil. Vorbim despre un Santa Fe pre-facelift care \u00eel va servi pe Papa Francisc \u00een timpul<\/p>\n","protected":false},"author":1,"featured_media":2166,"comment_status":"open","ping_status":"open","sticky":false,"template":"","format":"standard","meta":{"spay_email":"","footnotes":"","jetpack_publicize_message":""},"categories":[6],"tags":[],"class_list":["post-2164","post","type-post","status-publish","format-standard","has-post-thumbnail","hentry","category-social"],"jetpack_featured_media_url":"https:\/\/i2.wp.com\/realitatearutiera.ro\/wp-content\/uploads\/2015\/06\/PAPAMOBIL.jpg?fit=970%2C546&ssl=1","jetpack_publicize_connections":[],"jetpack_sharing_enabled":true,"jetpack_shortlink":"https:\/\/wp.me\/p61naM-yU","jetpack-related-posts":[],"_links":{"self":[{"href":"https:\/\/realitatearutiera.ro\/index.php?rest_route=\/wp\/v2\/posts\/2164","targetHints":{"allow":["GET"]}}],"collection":[{"href":"https:\/\/realitatearutiera.ro\/index.php?rest_route=\/wp\/v2\/posts"}],"about":[{"href":"https:\/\/realitatearutiera.ro\/index.php?rest_route=\/wp\/v2\/types\/post"}],"author":[{"embeddable":true,"href":"https:\/\/realitatearutiera.ro\/index.php?rest_route=\/wp\/v2\/users\/1"}],"replies":[{"embeddable":true,"href":"https:\/\/realitatearutiera.ro\/index.php?rest_route=%2Fwp%2Fv2%2Fcomments&post=2164"}],"version-history":[{"count":1,"href":"https:\/\/realitatearutiera.ro\/index.php?rest_route=\/wp\/v2\/posts\/2164\/revisions"}],"predecessor-version":[{"id":2167,"href":"https:\/\/realitatearutiera.ro\/index.php?rest_route=\/wp\/v2\/posts\/2164\/revisions\/2167"}],"wp:featuredmedia":[{"embeddable":true,"href":"https:\/\/realitatearutiera.ro\/index.php?rest_route=\/wp\/v2\/media\/2166"}],"wp:attachment":[{"href":"https:\/\/realitatearutiera.ro\/index.php?rest_route=%2Fwp%2Fv2%2Fmedia&parent=2164"}],"wp:term":[{"taxonomy":"category","embeddable":true,"href":"https:\/\/realitatearutiera.ro\/index.php?rest_route=%2Fwp%2Fv2%2Fcategories&post=2164"},{"taxonomy":"post_tag","embeddable":true,"href":"https:\/\/realitatearutiera.ro\/index.php?rest_route=%2Fwp%2Fv2%2Ftags&post=2164"}],"curies":[{"name":"wp","href":"https:\/\/api.w.org\/{rel}","templated":true}]}}