{"id":21906,"date":"2017-05-04T14:05:56","date_gmt":"2017-05-04T11:05:56","guid":{"rendered":"http:\/\/realitatearutiera.ro\/?p=21906"},"modified":"2017-05-04T14:05:56","modified_gmt":"2017-05-04T11:05:56","slug":"adolescent-din-botosani-accidentat-pe-trecerea-de-pietoni","status":"publish","type":"post","link":"https:\/\/realitatearutiera.ro\/?p=21906","title":{"rendered":"Adolescent din Boto\u0219ani accidentat pe trecerea de pietoni"},"content":{"rendered":"<p>Accidentul a avut loc pe Calea Na\u0163ional\u0103, l\u00e2ng\u0103 Stadion. B\u0103iatul se afla pe o biciclet\u0103 \u015fi s-a angajat \u00een traversarea str\u0103zii pe marcajul pietonal, moment \u00een care a fost lovit de un autoturism Opel condus de o femeie \u00een v\u00e2rst\u0103 de 41 de ani care se deplasa dinspre E.on c\u0103tre Mall.<\/p>\n<p>\u00cen urma impactului, adolescentul a suferit mai multe traumatisme, acuz\u00e2nd dureri, acesta fiind preluat de o ambulan\u0163\u0103 \u015fi transportat la Sec\u0163ia de Pediatrie pentru \u00eengrijiri \u015fi investiga\u0163ii.<\/p>\n<p>Poli\u0163i\u015ftii criminali\u015fti au f\u0103cut m\u0103sur\u0103tori la fa\u0163a locului \u015fi a fost deschis un dosar penal pentru v\u0103t\u0103mare corporal\u0103 din culp\u0103.<\/p>\n<p>sursa: stiri.botosani.ro<\/p>\n","protected":false},"excerpt":{"rendered":"<p>Accidentul a avut loc pe Calea Na\u0163ional\u0103, l\u00e2ng\u0103 Stadion. B\u0103iatul se afla pe o biciclet\u0103 \u015fi s-a angajat \u00een traversarea<\/p>\n","protected":false},"author":1,"featured_media":0,"comment_status":"closed","ping_status":"closed","sticky":false,"template":"","format":"standard","meta":{"spay_email":"","footnotes":"","jetpack_publicize_message":""},"categories":[1],"tags":[],"class_list":["post-21906","post","type-post","status-publish","format-standard","hentry","category-uncategorized"],"jetpack_featured_media_url":"","jetpack_publicize_connections":[],"jetpack_sharing_enabled":true,"jetpack_shortlink":"https:\/\/wp.me\/p61naM-5Hk","jetpack-related-posts":[],"_links":{"self":[{"href":"https:\/\/realitatearutiera.ro\/index.php?rest_route=\/wp\/v2\/posts\/21906","targetHints":{"allow":["GET"]}}],"collection":[{"href":"https:\/\/realitatearutiera.ro\/index.php?rest_route=\/wp\/v2\/posts"}],"about":[{"href":"https:\/\/realitatearutiera.ro\/index.php?rest_route=\/wp\/v2\/types\/post"}],"author":[{"embeddable":true,"href":"https:\/\/realitatearutiera.ro\/index.php?rest_route=\/wp\/v2\/users\/1"}],"replies":[{"embeddable":true,"href":"https:\/\/realitatearutiera.ro\/index.php?rest_route=%2Fwp%2Fv2%2Fcomments&post=21906"}],"version-history":[{"count":1,"href":"https:\/\/realitatearutiera.ro\/index.php?rest_route=\/wp\/v2\/posts\/21906\/revisions"}],"predecessor-version":[{"id":21913,"href":"https:\/\/realitatearutiera.ro\/index.php?rest_route=\/wp\/v2\/posts\/21906\/revisions\/21913"}],"wp:attachment":[{"href":"https:\/\/realitatearutiera.ro\/index.php?rest_route=%2Fwp%2Fv2%2Fmedia&parent=21906"}],"wp:term":[{"taxonomy":"category","embeddable":true,"href":"https:\/\/realitatearutiera.ro\/index.php?rest_route=%2Fwp%2Fv2%2Fcategories&post=21906"},{"taxonomy":"post_tag","embeddable":true,"href":"https:\/\/realitatearutiera.ro\/index.php?rest_route=%2Fwp%2Fv2%2Ftags&post=21906"}],"curies":[{"name":"wp","href":"https:\/\/api.w.org\/{rel}","templated":true}]}}