{"id":2194,"date":"2015-06-10T04:45:38","date_gmt":"2015-06-10T04:45:38","guid":{"rendered":"http:\/\/realitatearutiera.ro\/?p=2194"},"modified":"2015-06-10T04:45:38","modified_gmt":"2015-06-10T04:45:38","slug":"autobuzele-din-iasi-s-au-transformat-in-adevarate-cuptoare","status":"publish","type":"post","link":"https:\/\/realitatearutiera.ro\/?p=2194","title":{"rendered":"&#8220;Autobuzele din Ia\u015fi s-au transformat \u00een adev\u0103rate cuptoare&#8221; !"},"content":{"rendered":"<p><strong>Ie\u015fenii se confrunt\u0103 din nou cu problema c\u0103ldurii insuportabile din mijloacele de transport \u00een comun. Aerul condi\u0163ionat lipse\u015fte, aerul de afar\u0103 nu reu\u015fe\u015fte s\u0103 p\u0103trund\u0103 \u00een cutiile de tabl\u0103 ce duc mii de oameni de diminea\u0163\u0103 p\u00e2n\u0103 noaptea.<\/strong><\/p>\n<p>&#8220;Dorim ca municipiul Ia\u015fi s\u0103 fie un important ora\u015f al Uniunii Europene, \u00eens\u0103 cu actualele &#8220;idei&#8221; de transport \u00een comun sigur nu o s\u0103 facem Ia\u015ful un ora\u015f European, ci mai degrab\u0103 un ora\u015f sufocat, poluat, paralizat, f\u0103r\u0103 perspective de dezvoltare, mai scurt spus: un ora\u015f din Lumea a Treia&#8221;, se precizeaz\u0103 pe pagina de Facebook realit\u0103\u0163i ie\u015fene.<\/p>\n<p>&#8220;Calvar pentru ie\u015fenii care au circul\u0103 cu mijloacele de transport \u00een comun! Second-hand, f\u0103r\u0103 instala\u0163ii de aer condi\u0163ionat \u015fi cu trape care nu se deschid suficient, autobuzele din ora\u015f s-au transformat \u00een adev\u0103rate cuptoare. Oamenii se pl\u00e2ng c\u0103 \u00een fiecare var\u0103 fac saun\u0103 atunci cand c\u0103l\u0103toresc. La ora pr\u00e2nzului, din cauza aglomera\u0163iei, dar \u015fi pentru c\u0103 nu exista aer condi\u0163ionat, atmosfera din autobuze devine irespirabila&#8221;, se mai subliniaz\u0103 pe Facebook.<\/p>\n<p>Solu\u0163ia dat\u0103 de Asocia\u0163ia &#8220;Prietenii tramvaiului&#8221; Ia\u015fi o g\u0103si\u0163i tot pe Facebook.<\/p>\n","protected":false},"excerpt":{"rendered":"<p>Ie\u015fenii se confrunt\u0103 din nou cu problema c\u0103ldurii insuportabile din mijloacele de transport \u00een comun. Aerul condi\u0163ionat lipse\u015fte, aerul de<\/p>\n","protected":false},"author":1,"featured_media":2195,"comment_status":"open","ping_status":"open","sticky":false,"template":"","format":"standard","meta":{"spay_email":"","footnotes":"","jetpack_publicize_message":""},"categories":[6],"tags":[],"class_list":["post-2194","post","type-post","status-publish","format-standard","has-post-thumbnail","hentry","category-social"],"jetpack_featured_media_url":"https:\/\/i1.wp.com\/realitatearutiera.ro\/wp-content\/uploads\/2015\/06\/asdas.jpg?fit=259%2C194&ssl=1","jetpack_publicize_connections":[],"jetpack_sharing_enabled":true,"jetpack_shortlink":"https:\/\/wp.me\/p61naM-zo","jetpack-related-posts":[],"_links":{"self":[{"href":"https:\/\/realitatearutiera.ro\/index.php?rest_route=\/wp\/v2\/posts\/2194","targetHints":{"allow":["GET"]}}],"collection":[{"href":"https:\/\/realitatearutiera.ro\/index.php?rest_route=\/wp\/v2\/posts"}],"about":[{"href":"https:\/\/realitatearutiera.ro\/index.php?rest_route=\/wp\/v2\/types\/post"}],"author":[{"embeddable":true,"href":"https:\/\/realitatearutiera.ro\/index.php?rest_route=\/wp\/v2\/users\/1"}],"replies":[{"embeddable":true,"href":"https:\/\/realitatearutiera.ro\/index.php?rest_route=%2Fwp%2Fv2%2Fcomments&post=2194"}],"version-history":[{"count":1,"href":"https:\/\/realitatearutiera.ro\/index.php?rest_route=\/wp\/v2\/posts\/2194\/revisions"}],"predecessor-version":[{"id":2196,"href":"https:\/\/realitatearutiera.ro\/index.php?rest_route=\/wp\/v2\/posts\/2194\/revisions\/2196"}],"wp:featuredmedia":[{"embeddable":true,"href":"https:\/\/realitatearutiera.ro\/index.php?rest_route=\/wp\/v2\/media\/2195"}],"wp:attachment":[{"href":"https:\/\/realitatearutiera.ro\/index.php?rest_route=%2Fwp%2Fv2%2Fmedia&parent=2194"}],"wp:term":[{"taxonomy":"category","embeddable":true,"href":"https:\/\/realitatearutiera.ro\/index.php?rest_route=%2Fwp%2Fv2%2Fcategories&post=2194"},{"taxonomy":"post_tag","embeddable":true,"href":"https:\/\/realitatearutiera.ro\/index.php?rest_route=%2Fwp%2Fv2%2Ftags&post=2194"}],"curies":[{"name":"wp","href":"https:\/\/api.w.org\/{rel}","templated":true}]}}