{"id":22059,"date":"2017-05-08T14:48:31","date_gmt":"2017-05-08T11:48:31","guid":{"rendered":"http:\/\/realitatearutiera.ro\/?p=22059"},"modified":"2017-05-08T14:49:25","modified_gmt":"2017-05-08T11:49:25","slug":"ziua-europei-sarbatorita-la-iasi-ce-surprize-ii-asteapta-pe-ieseni","status":"publish","type":"post","link":"https:\/\/realitatearutiera.ro\/?p=22059","title":{"rendered":"Ziua Europei s\u0103rb\u0103torit\u0103 la Ia\u015fi. Ce surprize \u00eei a\u0219teapt\u0103 pe ie\u015feni"},"content":{"rendered":"<div class=\"text-parag strong\">\n<p><strong>Ziua Europei va fi celebrat\u0103 de Biblioteca Jude\u021bean\u0103 \u201eGh. Asachi<\/strong>\u201d cu o serie de evenimente, care vor avea loc pe parcursul \u00eentregii s\u0103pt\u0103m\u00e2ni. Pe l\u00e2ng\u0103 expozi\u021biile de carte tematic\u0103 \u0219i materiale informative europene, vor avea loc dezbateri, prezent\u0103ri de carte, audi\u021bii muzicale \u0219i desemnarea c\u00e2\u0219tig\u0103torilor concursului de epigrame pe teme europene.<\/p>\n<\/div>\n<div class=\"details-text text-parag\">\n<p><strong>\u201eCarte, Tineret, Libertate\u201d<\/strong><\/p>\n<p>Astfel, luni, 8 mai 2017, \u00a0la ora 10.00, la Colegiul Agricol \u0219i de Industrie Alimentar\u0103 \u201eVasile Adamachi\u201d din Ia\u0219i, sub genericul \u201eCarte, Tineret, Libertate\u201d s-a discutat despre Ziua Na\u021bional\u0103 a Tineretului (2 mai), Ziua Mondial\u0103 a Presei Libere (3 mai), Ziua Europei, Ziua Independen\u0163ei Rom\u00e2niei \u015fi a Sf\u00e2r\u015fitului celui de Al Doilea R\u0103zboi Mondial (9 mai) \u0219i cum sunt oglindite aceste zile \u00een pres\u0103, dar \u0219i \u00een literatura de specialitate sau cea beletristic\u0103.<\/p>\n<p><strong>\u201eZiua Europei \u00een literatur\u0103 \u0219i art\u0103\u201d<\/strong><\/p>\n<p><img loading=\"lazy\" decoding=\"async\" class=\"\" src=\"http:\/\/www.ziaruldeiasi.ro\/app\/gethumb.details.php?id=245667&amp;w=640&amp;h=480\" alt=\"Afis-O carte pentru varsta a3-a-9-mai\" width=\"450\" height=\"319\" \/><\/p>\n<p>Mar\u021bi, 9 mai 2017, de la ora 10.00, Ziua Europei va fi celebrat\u0103 \u0219i la C\u0103minul pentru persoane v\u00e2rstnice \u201eSf. \u00cemp\u0103ra\u0163i Constantin \u015fi Elena\u201d din Bucium. Evenimentul este organizat \u00een colaborare cu Asocia\u021bia \u201eAFECT\u201d \u0219i se desf\u0103\u0219oar\u0103 \u00een cadrul proiectului \u201eO carte pentru v\u00e2rsta a treia\u201d. Vor fi prezentate c\u0103r\u021bi \u0219i albume de art\u0103 aflate \u00een colec\u021biile bibliotecii. De asemenea, vor fi audiate compozi\u021bii orchestrale. Din program nu va lipsi Od\u0103 bucuriei, una dintre cele mai renumite compozi\u021bii ale lui Ludwig van Beethoven, audi\u021bie care va fi \u00eenso\u021bit\u0103, \u00een prealabil, de o prezentare istoric\u0103. Od\u0103 bucuriei a devenit imnul oficial al Uniunii Europene din anul 1985 \u0219i simbolizeaz\u0103 nu numai Uniunea European\u0103, ci Europa \u00een sens mai larg. \u00cen limbajul universal al muzicii, d\u0103 glas idealurilor europene de libertate, pace \u0219i solidaritate, cu at\u00e2t mai mult \u00een aceast\u0103 perioad\u0103 destul de zbuciumat\u0103 pe care o traverseaz\u0103 b\u0103tr\u00e2nul continent.<\/p>\n<p><strong>Concurs de epigrame pe teme europene<\/strong><\/p>\n<p>Tot mar\u021bi, de la ora 14.00, la Filiala \u201eIon Creang\u0103\u201d de la Casa Sindicatelor, va avea loc festivitatea de premiere a c\u00e2\u0219tig\u0103torilor concursului de epigrame pe teme europene. Concursul a fost organizat gra\u021bie Academiei \u201eP\u0103storel\u201d, juriul av\u00e2nd \u00een componen\u021b\u0103 doi importan\u021bi scriitori de literatur\u0103 umoristic\u0103 \u0219i epigrami\u0219ti, Mihai Batog Bujeni\u021b\u0103 \u0219i Mihai Haivas.<\/p>\n<p>Sursa:ziaruldeiasi<\/p>\n<\/div>\n","protected":false},"excerpt":{"rendered":"<p>Ziua Europei va fi celebrat\u0103 de Biblioteca Jude\u021bean\u0103 \u201eGh. Asachi\u201d cu o serie de evenimente, care vor avea loc pe<\/p>\n","protected":false},"author":1,"featured_media":0,"comment_status":"closed","ping_status":"closed","sticky":false,"template":"","format":"standard","meta":{"spay_email":"","footnotes":"","jetpack_publicize_message":""},"categories":[6],"tags":[],"class_list":["post-22059","post","type-post","status-publish","format-standard","hentry","category-social"],"jetpack_featured_media_url":"","jetpack_publicize_connections":[],"jetpack_sharing_enabled":true,"jetpack_shortlink":"https:\/\/wp.me\/p61naM-5JN","jetpack-related-posts":[],"_links":{"self":[{"href":"https:\/\/realitatearutiera.ro\/index.php?rest_route=\/wp\/v2\/posts\/22059","targetHints":{"allow":["GET"]}}],"collection":[{"href":"https:\/\/realitatearutiera.ro\/index.php?rest_route=\/wp\/v2\/posts"}],"about":[{"href":"https:\/\/realitatearutiera.ro\/index.php?rest_route=\/wp\/v2\/types\/post"}],"author":[{"embeddable":true,"href":"https:\/\/realitatearutiera.ro\/index.php?rest_route=\/wp\/v2\/users\/1"}],"replies":[{"embeddable":true,"href":"https:\/\/realitatearutiera.ro\/index.php?rest_route=%2Fwp%2Fv2%2Fcomments&post=22059"}],"version-history":[{"count":2,"href":"https:\/\/realitatearutiera.ro\/index.php?rest_route=\/wp\/v2\/posts\/22059\/revisions"}],"predecessor-version":[{"id":22074,"href":"https:\/\/realitatearutiera.ro\/index.php?rest_route=\/wp\/v2\/posts\/22059\/revisions\/22074"}],"wp:attachment":[{"href":"https:\/\/realitatearutiera.ro\/index.php?rest_route=%2Fwp%2Fv2%2Fmedia&parent=22059"}],"wp:term":[{"taxonomy":"category","embeddable":true,"href":"https:\/\/realitatearutiera.ro\/index.php?rest_route=%2Fwp%2Fv2%2Fcategories&post=22059"},{"taxonomy":"post_tag","embeddable":true,"href":"https:\/\/realitatearutiera.ro\/index.php?rest_route=%2Fwp%2Fv2%2Ftags&post=22059"}],"curies":[{"name":"wp","href":"https:\/\/api.w.org\/{rel}","templated":true}]}}