{"id":22926,"date":"2017-05-22T11:08:23","date_gmt":"2017-05-22T08:08:23","guid":{"rendered":"http:\/\/realitatearutiera.ro\/?p=22926"},"modified":"2017-05-22T10:19:57","modified_gmt":"2017-05-22T07:19:57","slug":"va-invitam-la-concert-al-operei-iesene-in-aer-liber-in-fata-palatului","status":"publish","type":"post","link":"https:\/\/realitatearutiera.ro\/?p=22926","title":{"rendered":"V\u0103 invit\u0103m la concert al Operei ie\u015fene \u00een aer liber, \u00een fa\u0163a Palatului"},"content":{"rendered":"<p>Opera Na\u0163ional\u0103 Rom\u00e2n\u0103 Ia\u015fi va sus\u0163ine ast\u0103zi, \u00eencep\u00e2nd cu ora 19,30, un concert \u00een fa\u0163a Palatului Culturii. Evenimentul are loc \u00een cadrul Festivalului Interna\u0163ional al Educa\u0163iei (FIE). Potrivit reprezentan\u0163ilor Prim\u0103riei, un al doilea spectacol important va avea loc duminic\u0103, \u00een acela\u015fi loc, \u015fi va fi oferit de Opera de Stat din Chi\u015fin\u0103u. La ambele manifest\u0103ri, accesul va fi liber. \u00cen spectacolul de ast\u0103zi, Opera Ia\u015fi a preg\u0103tit o Gal\u0103 Extraordinar\u0103 de Oper\u0103 \u015fi Balet.<\/p>\n<p><img decoding=\"async\" src=\"http:\/\/www.ziaruldeiasi.ro\/app\/gethumb.details.php?id=247040&amp;w=640&amp;h=480\" alt=\"concert opera romana\" \/><\/p>\n<p>\u201eProgramul cuprinde momente artistice deosebite \u00een interpretarea soli\u015ftilor, Baletului, Corului, Corului de copii Juniorii Operei \u015fi Orchestrei O.N.R.I. Managerul Interimar, Cosmin Marcovici, se num\u0103r\u0103 printre cei care vor performa, interpret\u00e2nd can\u0163oneta \u00abGranada\u00bb de Agustin Lara\u201c, se arat\u0103 \u00eentr-un comunicat al FIE. \u00cen program se reg\u0103sesc arii celebre precum Les filles de Cadix (Leo Delibes), La donna e mobile (opera Rigoletto de Giuseppe Verdi), Meine Lippen (opera Giuditta de Franz Lehar), Glitter and be gay (opereta Candide de Leonard Bernstein), Climb ev\u2019ry mountain (musicalul Sunetul muzicii de Richard Rodgers), Csardas (opereta Silvia de Emmerich K\u00e1lm\u00e1n), \u00een interpetarea soli\u015ftilor Cristina Grigora\u015f, Andrei Ferme\u015fanu, Simona Titieanu, L\u0103cr\u0103mioara Maria Hrubaru-Roat\u0103, Irina Scafaru Ro\u015fu, Nicoleta Maier, acompania\u0163i de corul \u015fi orchestra Operei Na\u0163ionale Rom\u00e2ne Ia\u015fi. Soli\u015ftii de balet, condu\u015fi de Dorina Cotorobai \u015fi Sergiu Cotorobai, vor oferi momente din Arleziana de Georges Bizet, Lacul lebedelor de Piotr Ilici Ceaikovski, Imagine all the people de Gigi C\u0103ciuleanu \u015fi Aida de Giuseppe Verdi.<\/p>\n<p>Sursa:ziaruldeiasi<\/p>\n","protected":false},"excerpt":{"rendered":"<p>Opera Na\u0163ional\u0103 Rom\u00e2n\u0103 Ia\u015fi va sus\u0163ine ast\u0103zi, \u00eencep\u00e2nd cu ora 19,30, un concert \u00een fa\u0163a Palatului Culturii. Evenimentul are loc<\/p>\n","protected":false},"author":1,"featured_media":0,"comment_status":"closed","ping_status":"closed","sticky":false,"template":"","format":"standard","meta":{"spay_email":"","footnotes":"","jetpack_publicize_message":""},"categories":[6],"tags":[],"class_list":["post-22926","post","type-post","status-publish","format-standard","hentry","category-social"],"jetpack_featured_media_url":"","jetpack_publicize_connections":[],"jetpack_sharing_enabled":true,"jetpack_shortlink":"https:\/\/wp.me\/p61naM-5XM","jetpack-related-posts":[],"_links":{"self":[{"href":"https:\/\/realitatearutiera.ro\/index.php?rest_route=\/wp\/v2\/posts\/22926","targetHints":{"allow":["GET"]}}],"collection":[{"href":"https:\/\/realitatearutiera.ro\/index.php?rest_route=\/wp\/v2\/posts"}],"about":[{"href":"https:\/\/realitatearutiera.ro\/index.php?rest_route=\/wp\/v2\/types\/post"}],"author":[{"embeddable":true,"href":"https:\/\/realitatearutiera.ro\/index.php?rest_route=\/wp\/v2\/users\/1"}],"replies":[{"embeddable":true,"href":"https:\/\/realitatearutiera.ro\/index.php?rest_route=%2Fwp%2Fv2%2Fcomments&post=22926"}],"version-history":[{"count":1,"href":"https:\/\/realitatearutiera.ro\/index.php?rest_route=\/wp\/v2\/posts\/22926\/revisions"}],"predecessor-version":[{"id":22928,"href":"https:\/\/realitatearutiera.ro\/index.php?rest_route=\/wp\/v2\/posts\/22926\/revisions\/22928"}],"wp:attachment":[{"href":"https:\/\/realitatearutiera.ro\/index.php?rest_route=%2Fwp%2Fv2%2Fmedia&parent=22926"}],"wp:term":[{"taxonomy":"category","embeddable":true,"href":"https:\/\/realitatearutiera.ro\/index.php?rest_route=%2Fwp%2Fv2%2Fcategories&post=22926"},{"taxonomy":"post_tag","embeddable":true,"href":"https:\/\/realitatearutiera.ro\/index.php?rest_route=%2Fwp%2Fv2%2Ftags&post=22926"}],"curies":[{"name":"wp","href":"https:\/\/api.w.org\/{rel}","templated":true}]}}