{"id":23707,"date":"2017-06-08T13:42:22","date_gmt":"2017-06-08T10:42:22","guid":{"rendered":"http:\/\/realitatearutiera.ro\/?p=23707"},"modified":"2017-06-08T13:42:22","modified_gmt":"2017-06-08T10:42:22","slug":"pericol-iminent-pe-autostrada-a1-orastie-sibiu-lot-3","status":"publish","type":"post","link":"https:\/\/realitatearutiera.ro\/?p=23707","title":{"rendered":"PERICOL IMINENT PE autostrada A1 Or\u0103\u015ftie &#8211; Sibiu Lot 3"},"content":{"rendered":"<p>Asocia\u0163ia Construim Rom\u00e2nia atrage aten\u0163ia c\u0103 Dealul Bucium reprezint\u0103 un pericol major pentru siguran\u0163a circula\u0163iei pe autostrada A1 \u00een zona Aciliu, c\u0103 pericolul de pr\u0103bu\u015fire catastrofal\u0103 este real dac\u0103 precipita\u0163iile sunt suficient de abundente \u015fi solicit\u0103 decizii ferme \u015fi imediate de interven\u0163ie tehnic\u0103: fie demararea unor consolid\u0103ri imediate ale Dealului Bucium, fie o decizie politic\u0103 de curaj privind relocarea complet\u0103 a traseului autostr\u0103zii.<\/p>\n<p>&#8220;Dealul Bucium continu\u0103 s\u0103 alunece vizibil \u015fi semnificativ accelerat fa\u021b\u0103 de 2016 spre autostrada A1 Or\u0103\u0219tie &#8211; Sibiu Lot 3 \u00een zona Aciliu. Lucru firesc \u0163in\u00e2nd cont c\u0103 sezonul de iarn\u0103-prim\u0103var\u0103 2016-2017 a fost semnificativ mai bogat \u00een precipita\u021bii, chiar abundente fa\u021b\u0103 de sezonul similar 2015-2016&#8221;, spun reprezentan\u0163ii Asocia\u0163iei, \u00eentr-o postare pe Facebook.<\/p>\n<p>&#8220;Film\u0103rile noastre din martie \u015fi mai 2017, pe care le public\u0103m ast\u0103zi, au fost transmise \u015fi geologului britanic David Petley, a c\u0103rui reac\u0163ie a fost: &#8220;that slope is an awful mess&#8221; (&#8220;versantul acela este \u00eentr-o stare groaznic\u0103&#8221;)&#8221;, continu\u0103 reprezentan\u0163ii Asocia\u0163iei, cita\u021bi de <a href=\"http:\/\/www.economica.net\/dealul-bucium-continua-sa-cada-peste-autostrada-sibiu-orastie-expertiza-tehnica-inca-asteapta-sa-fie-scoasa-la-licitatie-video_138992.html\" target=\"_blank\" rel=\"noopener noreferrer\">economica.net.<\/a><\/p>\n<div>\n<p>Cei 22 de kilometri ai lotului 3 al autostr\u0103zii Sibiu-Or\u0103\u015ftie, numit\u0103 &#8220;autostrada scufundat\u0103&#8221; din cauza problemelor grave de structur\u0103 din trecut, au fost redeschi\u015fi traficului \u00een octombrie 2016. Repara\u0163ia unei por\u0163iuni din acest lot, demarat\u0103 \u00een aprilie 2016, a fost prima lucrare executat\u0103 \u00een regie proprie de c\u0103tre CNAIR.<\/p>\n<p>Lotul 3 a fost inaugurat \u00een noiembrie 2014, cu dou\u0103 zile \u00eenainte de turul al doilea al alegerilor preziden\u0163iale, \u00een prezen\u0163a premierului Victor Ponta la acel moment, candidat pentru func\u0163ia de pre\u015fedinte al statului.<\/p>\n<p>\u00cen septembrie 2015, lotul a fost \u00eenchis, iar ulterior o por\u0163iune de c\u00e2teva sute de metri a fost demolat\u0103, din cauz\u0103 c\u0103 au ap\u0103rut fisuri \u015fi denivel\u0103ri grave pe carosabil.<\/p>\n<\/div>\n<p>Sursa: realitatea.net<\/p>\n","protected":false},"excerpt":{"rendered":"<p>Asocia\u0163ia Construim Rom\u00e2nia atrage aten\u0163ia c\u0103 Dealul Bucium reprezint\u0103 un pericol major pentru siguran\u0163a circula\u0163iei pe autostrada A1 \u00een zona<\/p>\n","protected":false},"author":1,"featured_media":0,"comment_status":"closed","ping_status":"closed","sticky":false,"template":"","format":"standard","meta":{"spay_email":"","footnotes":"","jetpack_publicize_message":""},"categories":[54],"tags":[],"class_list":["post-23707","post","type-post","status-publish","format-standard","hentry","category-informatii-rutiere"],"jetpack_featured_media_url":"","jetpack_publicize_connections":[],"jetpack_sharing_enabled":true,"jetpack_shortlink":"https:\/\/wp.me\/p61naM-6an","jetpack-related-posts":[],"_links":{"self":[{"href":"https:\/\/realitatearutiera.ro\/index.php?rest_route=\/wp\/v2\/posts\/23707","targetHints":{"allow":["GET"]}}],"collection":[{"href":"https:\/\/realitatearutiera.ro\/index.php?rest_route=\/wp\/v2\/posts"}],"about":[{"href":"https:\/\/realitatearutiera.ro\/index.php?rest_route=\/wp\/v2\/types\/post"}],"author":[{"embeddable":true,"href":"https:\/\/realitatearutiera.ro\/index.php?rest_route=\/wp\/v2\/users\/1"}],"replies":[{"embeddable":true,"href":"https:\/\/realitatearutiera.ro\/index.php?rest_route=%2Fwp%2Fv2%2Fcomments&post=23707"}],"version-history":[{"count":1,"href":"https:\/\/realitatearutiera.ro\/index.php?rest_route=\/wp\/v2\/posts\/23707\/revisions"}],"predecessor-version":[{"id":23709,"href":"https:\/\/realitatearutiera.ro\/index.php?rest_route=\/wp\/v2\/posts\/23707\/revisions\/23709"}],"wp:attachment":[{"href":"https:\/\/realitatearutiera.ro\/index.php?rest_route=%2Fwp%2Fv2%2Fmedia&parent=23707"}],"wp:term":[{"taxonomy":"category","embeddable":true,"href":"https:\/\/realitatearutiera.ro\/index.php?rest_route=%2Fwp%2Fv2%2Fcategories&post=23707"},{"taxonomy":"post_tag","embeddable":true,"href":"https:\/\/realitatearutiera.ro\/index.php?rest_route=%2Fwp%2Fv2%2Ftags&post=23707"}],"curies":[{"name":"wp","href":"https:\/\/api.w.org\/{rel}","templated":true}]}}