{"id":24079,"date":"2017-06-20T10:52:13","date_gmt":"2017-06-20T07:52:13","guid":{"rendered":"http:\/\/realitatearutiera.ro\/?p=24079"},"modified":"2017-06-20T10:52:13","modified_gmt":"2017-06-20T07:52:13","slug":"atentie-soferi-continua-asfaltarile-pe-a2","status":"publish","type":"post","link":"https:\/\/realitatearutiera.ro\/?p=24079","title":{"rendered":"Aten\u0163ie \u015foferi! Continu\u0103 asfalt\u0103rile pe A2"},"content":{"rendered":"<p>\u015eoferii care circul\u0103 mar\u0163i, 20 iunie, pe Autostrada Soarelui, sunt sf\u0103tui\u0163i s\u0103 reduc\u0103 viteza \u015fi s\u0103 respecte indica\u0163iile din zonele unde au loc lucr\u0103ri de asfaltare.<\/p>\n<p>Poli\u0163i\u015ftii de la Infotrafic au anun\u0163at c\u0103 ast\u0103zi, p\u00e2n\u0103 \u00een jurul orei 20.00, se vor executa lucr\u0103ri de asfaltare pe sensul de mers c\u0103tre litoral al autostr\u0103zii A2, la kilometrul 171, pe benzile unu \u015fi de urgen\u0163\u0103. Tot pe aceast\u0103 autostrad\u0103, dar pe sensul de mers c\u0103tre Bucure\u015fti, se vor executa lucr\u0103ri pe acelea\u015fi benzi, la kilometrul 180. \u201e\u015eoferii sunt sf\u0103tui\u0163i s\u0103 circule cu pruden\u0163\u0103 \u00een zonele indicate \u015fi cu vitez\u0103 redus\u0103\u201d, avertizeaz\u0103 oamenii legii.<\/p>\n<p>Sursa:adevarul.ro<\/p>\n","protected":false},"excerpt":{"rendered":"<p>\u015eoferii care circul\u0103 mar\u0163i, 20 iunie, pe Autostrada Soarelui, sunt sf\u0103tui\u0163i s\u0103 reduc\u0103 viteza \u015fi s\u0103 respecte indica\u0163iile din zonele<\/p>\n","protected":false},"author":1,"featured_media":0,"comment_status":"closed","ping_status":"closed","sticky":false,"template":"","format":"standard","meta":{"spay_email":"","footnotes":"","jetpack_publicize_message":""},"categories":[54],"tags":[],"class_list":["post-24079","post","type-post","status-publish","format-standard","hentry","category-informatii-rutiere"],"jetpack_featured_media_url":"","jetpack_publicize_connections":[],"jetpack_sharing_enabled":true,"jetpack_shortlink":"https:\/\/wp.me\/p61naM-6gn","jetpack-related-posts":[],"_links":{"self":[{"href":"https:\/\/realitatearutiera.ro\/index.php?rest_route=\/wp\/v2\/posts\/24079","targetHints":{"allow":["GET"]}}],"collection":[{"href":"https:\/\/realitatearutiera.ro\/index.php?rest_route=\/wp\/v2\/posts"}],"about":[{"href":"https:\/\/realitatearutiera.ro\/index.php?rest_route=\/wp\/v2\/types\/post"}],"author":[{"embeddable":true,"href":"https:\/\/realitatearutiera.ro\/index.php?rest_route=\/wp\/v2\/users\/1"}],"replies":[{"embeddable":true,"href":"https:\/\/realitatearutiera.ro\/index.php?rest_route=%2Fwp%2Fv2%2Fcomments&post=24079"}],"version-history":[{"count":1,"href":"https:\/\/realitatearutiera.ro\/index.php?rest_route=\/wp\/v2\/posts\/24079\/revisions"}],"predecessor-version":[{"id":24083,"href":"https:\/\/realitatearutiera.ro\/index.php?rest_route=\/wp\/v2\/posts\/24079\/revisions\/24083"}],"wp:attachment":[{"href":"https:\/\/realitatearutiera.ro\/index.php?rest_route=%2Fwp%2Fv2%2Fmedia&parent=24079"}],"wp:term":[{"taxonomy":"category","embeddable":true,"href":"https:\/\/realitatearutiera.ro\/index.php?rest_route=%2Fwp%2Fv2%2Fcategories&post=24079"},{"taxonomy":"post_tag","embeddable":true,"href":"https:\/\/realitatearutiera.ro\/index.php?rest_route=%2Fwp%2Fv2%2Ftags&post=24079"}],"curies":[{"name":"wp","href":"https:\/\/api.w.org\/{rel}","templated":true}]}}