{"id":24263,"date":"2017-06-23T10:11:01","date_gmt":"2017-06-23T07:11:01","guid":{"rendered":"http:\/\/realitatearutiera.ro\/?p=24263"},"modified":"2017-06-23T08:14:29","modified_gmt":"2017-06-23T05:14:29","slug":"ziua-internationala-a-vaduvelor","status":"publish","type":"post","link":"https:\/\/realitatearutiera.ro\/?p=24263","title":{"rendered":"Ziua interna\u021bional\u0103 a v\u0103duvelor"},"content":{"rendered":"<p class=\"intro\">Ziua interna\u021bional\u0103 a v\u0103duvelor este marcat\u0103 la nivel mondial la 23 iunie, pentru a eviden\u021bia nedrept\u0103\u021bile cu care se confrunt\u0103 v\u0103duvele din \u00eentreaga lume \u0219i pentru a sensibiliza popula\u021bia \u00een vederea sprijinirii acestora \u0219i a copiilor lor.<\/p>\n<div class=\"image-wrapper medium-image mb25\"><img decoding=\"async\" src=\"https:\/\/www.agerpres.ro\/agerpres\/imageResize?path=%2Fmedia%2Fimages%2F2017-06%2F06230346-1186404593.jpg&amp;size=6\" \/><\/div>\n<p>Lansat\u0103, \u00een anul 2005, de Funda\u021bia Loomba din Marea Britanie, conform <a href=\"http:\/\/calendar.city-star.org\/ro\" target=\"_blank\" rel=\"noopener noreferrer\">http:\/\/calendar.city-star.org\/ro<\/a>, ziua a fost adoptat\u0103 de Organiza\u021bia Na\u021biunilor Unite la 21 decembrie 2010 cu prilejul celei de-a 65-a Adun\u0103ri Generale pentru a acorda o recunoa\u0219tere special\u0103 situa\u021biei v\u0103duvelor de toate v\u00e2rstele \u0219i din diferite regiuni \u0219i culturi ale planetei. Data aleas\u0103 semnific\u0103 ziua \u00een care, \u00een 1945, Shrimati Pushpa Wati Loomba, mama fondatorului Funda\u021biei Loomba, a r\u0103mas v\u0103duv\u0103.<\/p>\n<p>\u00cen \u021b\u0103rile aflate \u00een curs de dezvoltare problemele femeilor v\u0103duve sunt influen\u021bate de s\u0103r\u0103cie, analfabetism, HIV\/SIDA, conflicte \u0219i nedreptate social\u0103, abuz \u0219i violen\u021b\u0103, iar \u00een \u021b\u0103rile dezvoltate problemele acestora sunt legate de faptul c\u0103 sunt expuse izol\u0103rii sociale \u0219i tr\u0103iesc adesea \u00een nesiguran\u021b\u0103 \u0219i s\u0103r\u0103cie, f\u0103r\u0103 \u00eengrijire medical\u0103 sau condi\u021bii de lucru adecvate, potrivit portalurilor <a href=\"http:\/\/theloombafoundation.org\/home\/\" target=\"_blank\" rel=\"noopener noreferrer\">theloombafoundation.org<\/a> \u0219i <a href=\"http:\/\/existaviatadupadoliu.ro\/\" target=\"_blank\" rel=\"noopener noreferrer\">existaviatadupadoliu.ro<\/a>.<\/p>\n<p>Pentru a descrie situa\u021bia v\u0103duvelor de pe mapamond, funda\u021bia a \u00eenaintat, \u00een iunie 2010, secretarului general al ONU, Ban Ki-moon, un studiu conform c\u0103ruia se estima c\u0103 existau peste 240 de milioane de v\u0103duve \u00een \u00eentreaga lume care tr\u0103iau \u00een s\u0103r\u0103cie \u0219i sufereau de stigmatizare social\u0103 \u0219i de privare economic\u0103.<\/p>\n<p>\u00cen 2016, secretarul general al ONU anun\u021ba cu prilejul marc\u0103rii acestei zile, c\u0103 la nivel mondial, potrivit estim\u0103rilor organiza\u021biei, sunt peste 259 milioane de v\u0103duve care sufer\u0103 de discriminare, stigmatizare \u0219i s\u0103r\u0103cie, din cauz\u0103 c\u0103 \u0219i-au pierdut so\u021bul.<\/p>\n<p>\u00cen Rom\u00e2nia, anual, peste 40.000 de femei \u00ee\u0219i pierd partenerul de via\u021b\u0103, iar peste 5.000 dintre acestea au \u00een \u00eengrijire copii minori. Ziua interna\u021bional\u0103 a v\u0103duvelor a fost marcat\u0103 \u00een \u021bara noastr\u0103 pentru prima dat\u0103 \u00een 2015 printr-un flashmob \u00een Parcul Tineretului din Capital\u0103, organizat de Asocia\u021bia &#8220;Exist\u0103 via\u021b\u0103 dup\u0103 doliu!&#8221;, o asocia\u021bie caritabil\u0103 ce reune\u0219te peste 400 de persoane care au r\u0103mas f\u0103r\u0103 partener de via\u021b\u0103. Asocia\u021bia a fost \u00eenfiin\u021bat\u0103 \u00een 2011 \u0219i de atunci ofer\u0103 consiliere de specialitate, organizeaz\u0103 \u00eent\u00e2lniri de socializare \u0219i terapie pentru adul\u021bi \u0219i copii.<\/p>\n<p>Sursa:agerpres.ro<\/p>\n","protected":false},"excerpt":{"rendered":"<p>Ziua interna\u021bional\u0103 a v\u0103duvelor este marcat\u0103 la nivel mondial la 23 iunie, pentru a eviden\u021bia nedrept\u0103\u021bile cu care se confrunt\u0103<\/p>\n","protected":false},"author":1,"featured_media":0,"comment_status":"closed","ping_status":"closed","sticky":false,"template":"","format":"standard","meta":{"spay_email":"","footnotes":"","jetpack_publicize_message":""},"categories":[6],"tags":[],"class_list":["post-24263","post","type-post","status-publish","format-standard","hentry","category-social"],"jetpack_featured_media_url":"","jetpack_publicize_connections":[],"jetpack_sharing_enabled":true,"jetpack_shortlink":"https:\/\/wp.me\/p61naM-6jl","jetpack-related-posts":[],"_links":{"self":[{"href":"https:\/\/realitatearutiera.ro\/index.php?rest_route=\/wp\/v2\/posts\/24263","targetHints":{"allow":["GET"]}}],"collection":[{"href":"https:\/\/realitatearutiera.ro\/index.php?rest_route=\/wp\/v2\/posts"}],"about":[{"href":"https:\/\/realitatearutiera.ro\/index.php?rest_route=\/wp\/v2\/types\/post"}],"author":[{"embeddable":true,"href":"https:\/\/realitatearutiera.ro\/index.php?rest_route=\/wp\/v2\/users\/1"}],"replies":[{"embeddable":true,"href":"https:\/\/realitatearutiera.ro\/index.php?rest_route=%2Fwp%2Fv2%2Fcomments&post=24263"}],"version-history":[{"count":1,"href":"https:\/\/realitatearutiera.ro\/index.php?rest_route=\/wp\/v2\/posts\/24263\/revisions"}],"predecessor-version":[{"id":24265,"href":"https:\/\/realitatearutiera.ro\/index.php?rest_route=\/wp\/v2\/posts\/24263\/revisions\/24265"}],"wp:attachment":[{"href":"https:\/\/realitatearutiera.ro\/index.php?rest_route=%2Fwp%2Fv2%2Fmedia&parent=24263"}],"wp:term":[{"taxonomy":"category","embeddable":true,"href":"https:\/\/realitatearutiera.ro\/index.php?rest_route=%2Fwp%2Fv2%2Fcategories&post=24263"},{"taxonomy":"post_tag","embeddable":true,"href":"https:\/\/realitatearutiera.ro\/index.php?rest_route=%2Fwp%2Fv2%2Ftags&post=24263"}],"curies":[{"name":"wp","href":"https:\/\/api.w.org\/{rel}","templated":true}]}}