{"id":24292,"date":"2017-06-23T11:44:18","date_gmt":"2017-06-23T08:44:18","guid":{"rendered":"http:\/\/realitatearutiera.ro\/?p=24292"},"modified":"2017-06-23T11:48:29","modified_gmt":"2017-06-23T08:48:29","slug":"24292","status":"publish","type":"post","link":"https:\/\/realitatearutiera.ro\/?p=24292","title":{"rendered":"ATEN\u0162IE! CRE\u015eTE pre\u0163ul la energia electric\u0103"},"content":{"rendered":"<p><strong>Pre\u021bul energiei electrice pentru consumatorii casnici va cre\u0219te cu p\u00e2n\u0103 la 8% de la 1 iulie, potrivit deciziei de joi a Comitetului de reglementare al Autorit\u0103\u021bii Na\u021bionale de Reglementare \u00een domeniul Energiei (ANRE).<\/strong><\/p>\n<p><img decoding=\"async\" src=\"https:\/\/i2.wp.com\/www.infolegal.ro\/wp-content\/uploads\/2012\/05\/energie-electrica.jpg?w=800\" alt=\"Imagini pentru energie electrica\" data-recalc-dims=\"1\" \/><\/p>\n<p>De la 1 iulie, pre\u021bul final la electricitate pentru consumatorii casnici este format dintr-un tarif reglementat de ANRE, care are o pondere de 10% din pre\u021bul total, \u0219i dintr-o component\u0103 care reflect\u0103 pre\u021bul din pia\u021ba liber\u0103, care are o pondere de 90%.<\/p>\n<p>Potrivit unui comunicat al ANRE, componenta reglementat\u0103 (10%) va sc\u0103dea cu 5,16% iar cea de pia\u021b\u0103 liber\u0103 (90%) va urca cu 8,53%.<\/p>\n<p>\u201e\u00cen domeniul energiei electrice, Comitetul de reglementare al ANRE a aprobat Ordinul nr. 50\/2017 privind modificarea tarifelor reglementate de energie electric\u0103 aplicate de furnizorii de ultim\u0103 instan\u021b\u0103 (FUI) clien\u021bilor casnici care nu \u0219i-au exercitat dreptul de eligibilitate, prin care s-a decis sc\u0103derea cu 5,16% a tarifelor reglementate aplicate de FUI clien\u021bilor casnici, \u00eencep\u00e2nd cu data de 1 iulie 2017 \u0219i p\u00e2n\u0103 la sf\u00e2r\u0219itul acestui an.<\/p>\n<p>Energia electric\u0103 furnizat\u0103 la tarife reglementate reprezint\u0103 10% din totalul energiei electrice furnizate la clien\u021bii casnici. Avizarea tarifelor de tip Component\u0103 pia\u021b\u0103 concuren\u021bial\u0103 (CPC), cu modific\u0103ri fa\u021b\u0103 de solicit\u0103rile FUI, aplicabile, \u00een trimestrul III, clien\u021bilor finali casnici \u0219i noncasnici, beneficiari ai serviciului universal. Energia electric\u0103 furnizat\u0103 la tarif CPC reprezint\u0103 90% din consumul clien\u021bilor casnici \u0219i este achizi\u021bionat\u0103 de FUI exclusiv din pia\u021ba concuren\u021bial\u0103, unde pre\u021bul energiei electrice a \u00eenregistrat o cre\u0219tere cu 24% fa\u021b\u0103 de trimestrul II.<\/p>\n<p>\u00cen aceste condi\u021bii, de\u0219i FUI au propus cre\u0219teri cu 25% a acestor tarife, pe baza analizei realit\u0103\u021bilor \u0219i tendin\u021belor din pia\u021b\u0103, ANRE a considerat justificat\u0103 o cre\u0219tere medie la nivel na\u021bional a tarifelor de tip CPC de 8,53%\u201d, se precizeaz\u0103 \u00een comunicatul ANRE.<\/p>\n<p>Pre\u0219edintele ANRE, Niculae Havrile\u021b, anun\u021ba, \u00een luna februarie a acestui an, c\u0103 pre\u021bul energiei electrice pentru popula\u021bie ar putea cre\u0219te cu 1-2% de la 1 iulie, ca urmare a pre\u021burilor foarte mari de pe bursa de energie din luna ianuarie.<\/p>\n<p>\u201ePre\u021bul la energie electric\u0103 se recalculeaz\u0103 la fiecare \u0219ase luni, iar urm\u0103toarea recalculare va fi la 1 iulie. Consider\u0103m c\u0103 pre\u021bul ori va r\u0103m\u00e2ne la acela\u0219i nivel, ori va fi o ajustare de cel mult 1-2% \u00een plus\u201d, a spus Havrile\u021b \u00een 15 februarie.<\/p>\n<p>Pe parcursul lunii ianuarie, pre\u021burile pe burs\u0103 au crescut foarte mult, ajung\u00e2nd la finalul lunii la peste 650 de lei pe MWh, nivel dublu fa\u021b\u0103 de cel din primele zile ale anului.<\/p>\n<p>Sursa:digi24<\/p>\n","protected":false},"excerpt":{"rendered":"<p>Pre\u021bul energiei electrice pentru consumatorii casnici va cre\u0219te cu p\u00e2n\u0103 la 8% de la 1 iulie, potrivit deciziei de joi<\/p>\n","protected":false},"author":1,"featured_media":0,"comment_status":"closed","ping_status":"closed","sticky":false,"template":"","format":"standard","meta":{"spay_email":"","footnotes":"","jetpack_publicize_message":""},"categories":[6],"tags":[],"class_list":["post-24292","post","type-post","status-publish","format-standard","hentry","category-social"],"jetpack_featured_media_url":"","jetpack_publicize_connections":[],"jetpack_sharing_enabled":true,"jetpack_shortlink":"https:\/\/wp.me\/s61naM-24292","jetpack-related-posts":[],"_links":{"self":[{"href":"https:\/\/realitatearutiera.ro\/index.php?rest_route=\/wp\/v2\/posts\/24292","targetHints":{"allow":["GET"]}}],"collection":[{"href":"https:\/\/realitatearutiera.ro\/index.php?rest_route=\/wp\/v2\/posts"}],"about":[{"href":"https:\/\/realitatearutiera.ro\/index.php?rest_route=\/wp\/v2\/types\/post"}],"author":[{"embeddable":true,"href":"https:\/\/realitatearutiera.ro\/index.php?rest_route=\/wp\/v2\/users\/1"}],"replies":[{"embeddable":true,"href":"https:\/\/realitatearutiera.ro\/index.php?rest_route=%2Fwp%2Fv2%2Fcomments&post=24292"}],"version-history":[{"count":3,"href":"https:\/\/realitatearutiera.ro\/index.php?rest_route=\/wp\/v2\/posts\/24292\/revisions"}],"predecessor-version":[{"id":24297,"href":"https:\/\/realitatearutiera.ro\/index.php?rest_route=\/wp\/v2\/posts\/24292\/revisions\/24297"}],"wp:attachment":[{"href":"https:\/\/realitatearutiera.ro\/index.php?rest_route=%2Fwp%2Fv2%2Fmedia&parent=24292"}],"wp:term":[{"taxonomy":"category","embeddable":true,"href":"https:\/\/realitatearutiera.ro\/index.php?rest_route=%2Fwp%2Fv2%2Fcategories&post=24292"},{"taxonomy":"post_tag","embeddable":true,"href":"https:\/\/realitatearutiera.ro\/index.php?rest_route=%2Fwp%2Fv2%2Ftags&post=24292"}],"curies":[{"name":"wp","href":"https:\/\/api.w.org\/{rel}","templated":true}]}}