{"id":24436,"date":"2017-06-30T11:07:39","date_gmt":"2017-06-30T08:07:39","guid":{"rendered":"http:\/\/realitatearutiera.ro\/?p=24436"},"modified":"2017-06-30T11:07:39","modified_gmt":"2017-06-30T08:07:39","slug":"doliu-pentru-familia-unor-tineri-din-sibiu-dupa-un-dramatic-si-inexplicabil-accident-rutier-intamplat-aseara-pe-dn1","status":"publish","type":"post","link":"https:\/\/realitatearutiera.ro\/?p=24436","title":{"rendered":"DOLIU pentru familia unor tineri din Sibiu, dup\u0103 un DRAMATIC \u015fi inexplicabil accident rutier \u00eent\u00e2mplat asear\u0103, pe DN1"},"content":{"rendered":"<hr \/>\n<p><img decoding=\"async\" src=\"http:\/\/img.inin.ro\/?u=http%3A%2F%2Fobservator.tv%2Fuploads%2Fmodules%2Fnews%2F0%2F2017%2F6%2F30%2F215139%2F14988063389539ab87.jpg%3Ft%3D1&amp;w=840\" \/><\/p>\n<p><b>DOLIU pentru familia unor tineri din Sibiu, dup\u0103 un DRAMATIC \u015fi inexplicabil accident rutier \u00eent\u00e2mplat asear\u0103, pe DN1. Fostul baschetbalist sibian George T\u0103nase \u0219i so\u021bia sa \u00eens\u0103rcinat\u0103 \u00een \u0219apte luni au fost implica\u021bi \u00eentr-un accident la ie\u0219ire din Predeal. C\u0103t\u0103lina a murit, \u00een ciuda eforturilor medicilor bra\u0219oveni. Nici bebelu\u0219ul nu a putut fi salvat, o feti\u0163\u0103, se pare, din primele informa\u0163ii.<\/b><\/p>\n<p>&nbsp;<\/p>\n<div class=\"ivmWrapper\" data-guid=\"FKlNj7glm4V\" data-autoplay=\"0\"><\/div>\n<p>Accidentul a avut loc pe DN1, \u00een apropiere de Predeal. La volanul ma\u0219inii era so\u021bul tinerei \u00eens\u0103rcinate, iar conform poli\u021bi\u0219tilor rutieri, pe fondul oboselii, George a pierdut controlul volanului \u0219i a intrat pe contrasens unde s-a tamponat cu o autoutilitar\u0103 ce mergea regulamentar.<\/p>\n<div class=\"in-photo\"><img decoding=\"async\" src=\"https:\/\/i2.wp.com\/observator.tv\/uploads\/modules\/news\/0\/2017\/6\/30\/215139\/149880589830ae71db.jpg?w=800\" alt=\"\" width=\"\" height=\"\" data-recalc-dims=\"1\" \/><\/div>\n<p>Impactul a fost chiar pe partea din dreapta a ma\u0219inii de Sibiu, acolo unde se afla so\u021bia fostului baschetbalist. Imediat un doctor aflat \u00een trafic a \u00eencercat s\u0103 o ajute pe fat\u0103.<\/p>\n<div class=\"in-photo\"><img decoding=\"async\" src=\"https:\/\/i2.wp.com\/observator.tv\/uploads\/modules\/news\/0\/2017\/6\/30\/215139\/1498805894f2d341a1.jpg?w=800\" alt=\"\" width=\"\" height=\"\" data-recalc-dims=\"1\" \/><\/div>\n<p>A resuscitat-o manual p\u00e2n\u0103 ce la fa\u021ba locului a ajuns SMURD-ul. Din p\u0103cate C\u0103t\u0103lina a intrat \u00een stop cardiorespirator, iar medicii sosi\u0163i la locul accidentului au \u00eencercat s\u0103 o resusciteze, \u00eens\u0103 f\u0103r\u0103 succes.<\/p>\n<div class=\"in-photo\"><img decoding=\"async\" src=\"https:\/\/i2.wp.com\/observator.tv\/uploads\/modules\/news\/0\/2017\/6\/30\/215139\/1498805901f6f4fb99.jpg?w=800\" alt=\"\" width=\"\" height=\"\" data-recalc-dims=\"1\" \/><\/div>\n<p>O a doua lupt\u0103 a medicilor a fost cea pentru salvarea pruncului. La fa\u021ba locului a ajuns un medic ginecolog, un neonatolog \u015fi un anestezist.<\/p>\n<div class=\"in-photo\"><img decoding=\"async\" src=\"https:\/\/i0.wp.com\/observator.tv\/uploads\/modules\/news\/0\/2017\/6\/30\/215139\/149880607026480dc6.jpg?w=800\" alt=\"\" width=\"\" height=\"\" data-recalc-dims=\"1\" \/><\/div>\n<p>Din nefericire copilul a decedat \u0219i el la c\u00e2tva minute dup\u0103 ce a fost scos din p\u00e2ntecele mamei sale.<\/p>\n<div class=\"in-photo\"><img decoding=\"async\" src=\"https:\/\/i2.wp.com\/observator.tv\/uploads\/modules\/news\/0\/2017\/6\/30\/215139\/149880606761507cff.jpg?w=800\" alt=\"\" width=\"\" height=\"\" data-recalc-dims=\"1\" \/><\/div>\n<p>\u201eDin p\u0103cate, femeia nu a r\u0103spuns manevrelor de resuscitare \u015fi a fost declarat\u0103 decedat\u0103. Un medic de la Maternitatea Bra\u015fov a f\u0103cut cezariana \u00een strad\u0103, \u00een ma\u015fina SMURD \u015fi bebelu\u015fului i s-au aplicat manevre de resuscitare. Din p\u0103cate, nici acesta nu a putut fi salvat\u201d, a precizat c\u0103pitanul Ciprian Sfreja, purt\u0103torul de cuv\u00e2nt al ISU Bra\u015fov, conform Bun\u0103 Ziua Bra\u0219ov.<\/p>\n<div class=\"in-photo\"><img decoding=\"async\" src=\"https:\/\/i1.wp.com\/observator.tv\/uploads\/modules\/news\/0\/2017\/6\/30\/215139\/14988060732cdcafc3.jpg?w=800\" alt=\"\" width=\"\" height=\"\" data-recalc-dims=\"1\" \/><\/div>\n<p>La locul accidentului s-au deplasat dou\u0103 echipaje SMURD, o autospecial\u0103 pentru descarcerare \u015fi una cu ap\u0103 \u015fi spum\u0103.<\/p>\n<div class=\"in-photo\"><img decoding=\"async\" src=\"https:\/\/i0.wp.com\/observator.tv\/uploads\/modules\/news\/0\/2017\/6\/30\/215139\/149880608262b2d0cc.jpg?w=800\" alt=\"\" width=\"\" height=\"\" data-recalc-dims=\"1\" \/><\/div>\n<p>Poli\u0163ia Predeal a deschis o anchet\u0103 \u00een acest caz, \u00eens\u0103 din primele informa\u0163ii, se pare c\u0103 \u015foferul autoturismului este vinovat de producerea accidentului, dup\u0103 ce ar fi adormit la volan \u015fi a ajuns pe contrasens.<\/p>\n<div class=\"in-photo\"><img decoding=\"async\" src=\"https:\/\/i0.wp.com\/observator.tv\/uploads\/modules\/news\/0\/2017\/6\/30\/215139\/14988060874df206cb.jpg?w=800\" alt=\"\" width=\"\" height=\"\" data-recalc-dims=\"1\" \/><\/div>\n<p>Prietenii familiei au trimis pe Facebook foarte multe mesaje de condolean\u0163e, exprim\u00e2ndu-\u015fi regretul pentru dramaticul eveniment.<\/p>\n<p>Sursa:obsevator.tv<\/p>\n","protected":false},"excerpt":{"rendered":"<p>DOLIU pentru familia unor tineri din Sibiu, dup\u0103 un DRAMATIC \u015fi inexplicabil accident rutier \u00eent\u00e2mplat asear\u0103, pe DN1. Fostul baschetbalist<\/p>\n","protected":false},"author":1,"featured_media":0,"comment_status":"closed","ping_status":"closed","sticky":false,"template":"","format":"standard","meta":{"spay_email":"","footnotes":"","jetpack_publicize_message":""},"categories":[1],"tags":[],"class_list":["post-24436","post","type-post","status-publish","format-standard","hentry","category-uncategorized"],"jetpack_featured_media_url":"","jetpack_publicize_connections":[],"jetpack_sharing_enabled":true,"jetpack_shortlink":"https:\/\/wp.me\/p61naM-6m8","jetpack-related-posts":[],"_links":{"self":[{"href":"https:\/\/realitatearutiera.ro\/index.php?rest_route=\/wp\/v2\/posts\/24436","targetHints":{"allow":["GET"]}}],"collection":[{"href":"https:\/\/realitatearutiera.ro\/index.php?rest_route=\/wp\/v2\/posts"}],"about":[{"href":"https:\/\/realitatearutiera.ro\/index.php?rest_route=\/wp\/v2\/types\/post"}],"author":[{"embeddable":true,"href":"https:\/\/realitatearutiera.ro\/index.php?rest_route=\/wp\/v2\/users\/1"}],"replies":[{"embeddable":true,"href":"https:\/\/realitatearutiera.ro\/index.php?rest_route=%2Fwp%2Fv2%2Fcomments&post=24436"}],"version-history":[{"count":1,"href":"https:\/\/realitatearutiera.ro\/index.php?rest_route=\/wp\/v2\/posts\/24436\/revisions"}],"predecessor-version":[{"id":24438,"href":"https:\/\/realitatearutiera.ro\/index.php?rest_route=\/wp\/v2\/posts\/24436\/revisions\/24438"}],"wp:attachment":[{"href":"https:\/\/realitatearutiera.ro\/index.php?rest_route=%2Fwp%2Fv2%2Fmedia&parent=24436"}],"wp:term":[{"taxonomy":"category","embeddable":true,"href":"https:\/\/realitatearutiera.ro\/index.php?rest_route=%2Fwp%2Fv2%2Fcategories&post=24436"},{"taxonomy":"post_tag","embeddable":true,"href":"https:\/\/realitatearutiera.ro\/index.php?rest_route=%2Fwp%2Fv2%2Ftags&post=24436"}],"curies":[{"name":"wp","href":"https:\/\/api.w.org\/{rel}","templated":true}]}}