{"id":24476,"date":"2017-07-03T11:21:26","date_gmt":"2017-07-03T08:21:26","guid":{"rendered":"http:\/\/realitatearutiera.ro\/?p=24476"},"modified":"2017-07-03T11:21:26","modified_gmt":"2017-07-03T08:21:26","slug":"soc-trei-morti-si-doi-raniti-grav-in-arad","status":"publish","type":"post","link":"https:\/\/realitatearutiera.ro\/?p=24476","title":{"rendered":"\u015eOC: Trei mor\u0163i \u015fi doi r\u0103ni\u0163i grav \u00een Arad"},"content":{"rendered":"<p>Trei b\u0103rba\u0163i au murit, iar dou\u0103 femei au fost grav r\u0103nite, luni diminea\u0163\u0103, dup\u0103 ce autoturismul cu care circulau pe drumul na\u0163ional 79, Oradea \u2013 Arad, a ie\u015fit de pe drum \u015fi s-a izbit violent de un copac. Din primele cercet\u0103ri reiese c\u0103 \u015foferul a pierdut controlul volanului, posibil, pe fondul oboselii.<\/p>\n<p>Un autoturism \u00een care se aflau cinci persoane din S\u0103laj a fost implicat \u00eentr-un accident grav, \u00een zona localit\u0103\u0163ii ar\u0103dene Zerind, pe drumul na\u0163ional 79 79 Oradea \u2013 Arad. Martori din trafic au sunat la 112 relat\u00e2nd c\u0103 ma\u015fina a p\u0103r\u0103sit partea carosabil\u0103 \u015fi a ajuns pe c\u00e2mp. Conform Biroului de pres\u0103 al Poli\u0163iei Jude\u0163ene Arad, \u00een autoturism se aflau trei b\u0103rba\u0163i \u015fi dou\u0103 femei, to\u0163i din S\u0103laj.<\/p>\n<p>La volan se afla un b\u0103rbat de 42 de ani, care ar fi pierdut controlul volanului, posibil pe fondul oboselii, iar auotuturismul a intrat \u00eentr-un copac de pe marginea \u015foselei. \u015eoferul \u015fi al\u0163i doi b\u0103rba\u0163i, de 47 \u015fi 61 de ani, au murit \u00een urma impactului, iar dou\u0103 femei, de 39 \u015fi 65 de ani, au fost r\u0103nite grav.<\/p>\n<p>Pentru descarcerarea victimelor a intervenit un echipaj al Inspectoratului pentru Situa\u0163ii de Urgen\u0163\u0103 Arad, iar femeile au fost transportate la un spital din Arad. Traficul rutier nu a fost afectat, iar cercet\u0103rile continu\u0103 pentru clarificarea \u00eemprejur\u0103rilor \u00een care s-a produs accidentul.<\/p>\n<p>Sursa:realitatea.net<\/p>\n","protected":false},"excerpt":{"rendered":"<p>Trei b\u0103rba\u0163i au murit, iar dou\u0103 femei au fost grav r\u0103nite, luni diminea\u0163\u0103, dup\u0103 ce autoturismul cu care circulau pe<\/p>\n","protected":false},"author":1,"featured_media":15037,"comment_status":"closed","ping_status":"closed","sticky":false,"template":"","format":"standard","meta":{"spay_email":"","footnotes":"","jetpack_publicize_message":""},"categories":[1],"tags":[],"class_list":["post-24476","post","type-post","status-publish","format-standard","has-post-thumbnail","hentry","category-uncategorized"],"jetpack_featured_media_url":"https:\/\/i2.wp.com\/realitatearutiera.ro\/wp-content\/uploads\/2016\/11\/accident.jpg?fit=260%2C194&ssl=1","jetpack_publicize_connections":[],"jetpack_sharing_enabled":true,"jetpack_shortlink":"https:\/\/wp.me\/p61naM-6mM","jetpack-related-posts":[],"_links":{"self":[{"href":"https:\/\/realitatearutiera.ro\/index.php?rest_route=\/wp\/v2\/posts\/24476","targetHints":{"allow":["GET"]}}],"collection":[{"href":"https:\/\/realitatearutiera.ro\/index.php?rest_route=\/wp\/v2\/posts"}],"about":[{"href":"https:\/\/realitatearutiera.ro\/index.php?rest_route=\/wp\/v2\/types\/post"}],"author":[{"embeddable":true,"href":"https:\/\/realitatearutiera.ro\/index.php?rest_route=\/wp\/v2\/users\/1"}],"replies":[{"embeddable":true,"href":"https:\/\/realitatearutiera.ro\/index.php?rest_route=%2Fwp%2Fv2%2Fcomments&post=24476"}],"version-history":[{"count":1,"href":"https:\/\/realitatearutiera.ro\/index.php?rest_route=\/wp\/v2\/posts\/24476\/revisions"}],"predecessor-version":[{"id":24477,"href":"https:\/\/realitatearutiera.ro\/index.php?rest_route=\/wp\/v2\/posts\/24476\/revisions\/24477"}],"wp:featuredmedia":[{"embeddable":true,"href":"https:\/\/realitatearutiera.ro\/index.php?rest_route=\/wp\/v2\/media\/15037"}],"wp:attachment":[{"href":"https:\/\/realitatearutiera.ro\/index.php?rest_route=%2Fwp%2Fv2%2Fmedia&parent=24476"}],"wp:term":[{"taxonomy":"category","embeddable":true,"href":"https:\/\/realitatearutiera.ro\/index.php?rest_route=%2Fwp%2Fv2%2Fcategories&post=24476"},{"taxonomy":"post_tag","embeddable":true,"href":"https:\/\/realitatearutiera.ro\/index.php?rest_route=%2Fwp%2Fv2%2Ftags&post=24476"}],"curies":[{"name":"wp","href":"https:\/\/api.w.org\/{rel}","templated":true}]}}