{"id":24647,"date":"2017-07-06T08:01:38","date_gmt":"2017-07-06T05:01:38","guid":{"rendered":"http:\/\/realitatearutiera.ro\/?p=24647"},"modified":"2017-07-06T08:01:38","modified_gmt":"2017-07-06T05:01:38","slug":"la-summitul-initiativa-celor-trei-mari-baltica-adriatica-neagra-organizat-la-varsovia-va-fi-prezent-in-calitate-de-invitat-special-si-presedintele-statelor-unite-ale-americi","status":"publish","type":"post","link":"https:\/\/realitatearutiera.ro\/?p=24647","title":{"rendered":"La Summitul \u201eIni\u0163iativa celor trei m\u0103ri\u201c (Baltic\u0103 &#8211; Adriatic\u0103 &#8211; Neagr\u0103) organizat la Var\u015fovia, va fi prezent, \u00een calitate de invitat special, \u015fi pre\u015fedintele Statelor Unite ale Americii, Donald Trump"},"content":{"rendered":"<p>Pre\u015fedintele Klaus Iohannis particip\u0103, joi, la Summitul \u201eIni\u0163iativa celor trei m\u0103ri\u201c (Baltic\u0103 &#8211; Adriatic\u0103 &#8211; Neagr\u0103) organizat la Var\u015fovia, unde va fi prezent, \u00een calitate de invitat special, \u015fi pre\u015fedintele Statelor Unite ale Americii, Donald Trump.<\/p>\n<p>La reuniune vor participa \u015fefi de stat \u015fi reprezentan\u0163i ai acestora din 12 \u0163\u0103ri din Europa Central\u0103 \u015fi de Est, respectiv din Austria, Bulgaria, Croa\u0163ia, Cehia, Estonia, Letonia, Lituania, Polonia, Rom\u00e2nia, Slovacia, Slovenia \u015fi Ungaria, anun\u0163\u0103 Agerpres.<\/p>\n<p>Potrivit Administra\u0163iei Preziden\u0163iale, \u201eIni\u0163iativa celor trei m\u0103ri\u201c urm\u0103re\u015fte s\u0103 ofere sus\u0163inere politic\u0103 pentru o mai bun\u0103 cooperare \u015fi interconectare a economiilor statelor din spa\u0163iul geografic cuprins \u00eentre cele trei m\u0103ri &#8211; Adriatic\u0103, Baltic\u0103 \u015fi Neagr\u0103 &#8211; \u00een domenii precum energie, transporturi, telecomunica\u0163ii sau protec\u0163ia mediului.<\/p>\n<p>Sursa:adevarul.ro<\/p>\n","protected":false},"excerpt":{"rendered":"<p>Pre\u015fedintele Klaus Iohannis particip\u0103, joi, la Summitul \u201eIni\u0163iativa celor trei m\u0103ri\u201c (Baltic\u0103 &#8211; Adriatic\u0103 &#8211; Neagr\u0103) organizat la Var\u015fovia, unde<\/p>\n","protected":false},"author":1,"featured_media":0,"comment_status":"closed","ping_status":"closed","sticky":false,"template":"","format":"standard","meta":{"spay_email":"","footnotes":"","jetpack_publicize_message":""},"categories":[12],"tags":[],"class_list":["post-24647","post","type-post","status-publish","format-standard","hentry","category-stiri-internationale"],"jetpack_featured_media_url":"","jetpack_publicize_connections":[],"jetpack_sharing_enabled":true,"jetpack_shortlink":"https:\/\/wp.me\/p61naM-6px","jetpack-related-posts":[],"_links":{"self":[{"href":"https:\/\/realitatearutiera.ro\/index.php?rest_route=\/wp\/v2\/posts\/24647","targetHints":{"allow":["GET"]}}],"collection":[{"href":"https:\/\/realitatearutiera.ro\/index.php?rest_route=\/wp\/v2\/posts"}],"about":[{"href":"https:\/\/realitatearutiera.ro\/index.php?rest_route=\/wp\/v2\/types\/post"}],"author":[{"embeddable":true,"href":"https:\/\/realitatearutiera.ro\/index.php?rest_route=\/wp\/v2\/users\/1"}],"replies":[{"embeddable":true,"href":"https:\/\/realitatearutiera.ro\/index.php?rest_route=%2Fwp%2Fv2%2Fcomments&post=24647"}],"version-history":[{"count":1,"href":"https:\/\/realitatearutiera.ro\/index.php?rest_route=\/wp\/v2\/posts\/24647\/revisions"}],"predecessor-version":[{"id":24649,"href":"https:\/\/realitatearutiera.ro\/index.php?rest_route=\/wp\/v2\/posts\/24647\/revisions\/24649"}],"wp:attachment":[{"href":"https:\/\/realitatearutiera.ro\/index.php?rest_route=%2Fwp%2Fv2%2Fmedia&parent=24647"}],"wp:term":[{"taxonomy":"category","embeddable":true,"href":"https:\/\/realitatearutiera.ro\/index.php?rest_route=%2Fwp%2Fv2%2Fcategories&post=24647"},{"taxonomy":"post_tag","embeddable":true,"href":"https:\/\/realitatearutiera.ro\/index.php?rest_route=%2Fwp%2Fv2%2Ftags&post=24647"}],"curies":[{"name":"wp","href":"https:\/\/api.w.org\/{rel}","templated":true}]}}