{"id":25368,"date":"2017-07-20T10:20:19","date_gmt":"2017-07-20T07:20:19","guid":{"rendered":"http:\/\/realitatearutiera.ro\/?p=25368"},"modified":"2017-07-20T10:20:19","modified_gmt":"2017-07-20T07:20:19","slug":"cutremur-de-intensitate-importanta-a-avut-loc-la-fukushima","status":"publish","type":"post","link":"https:\/\/realitatearutiera.ro\/?p=25368","title":{"rendered":"CUTREMUR de intensitate IMPORTANT\u0102 a avut loc la Fukushima"},"content":{"rendered":"<p><strong>Un cutremur cu magnitudinea de 5,8 grade a avut loc \u00een largul prefecturii Fukushima, fiind resim\u021bit \u00eentr-o zon\u0103 larg\u0103, inclusiv \u00een capitala Tokyo.<\/strong><\/p>\n<p>Cutremurul a avut loc la ora 09:11 (00:11 GMT), la o ad\u00e2ncime de 34 de kilometri, f\u0103r\u0103 a fi lansat\u0103 o alert\u0103 de tsunami, informeaz\u0103\u00a0<a href=\"https:\/\/www.agerpres.ro\/\">AGERPRES<\/a>. Agen\u021bia de metrologie din Japonia a \u00eenregistrat cutremurul la ad\u00e2ncimea de 40 de kilometri \u0219i magnitudinea de 5,6. Nu au fost\u00a0<a href=\"http:\/\/evz.ro\/micaa%20href=\">anun\u021b<\/a>ate probleme sau anomalii la centrala nuclear\u0103 Fukushima Daiichi.<\/p>\n<p>Sursa:evz.ro<\/p>\n","protected":false},"excerpt":{"rendered":"<p>Un cutremur cu magnitudinea de 5,8 grade a avut loc \u00een largul prefecturii Fukushima, fiind resim\u021bit \u00eentr-o zon\u0103 larg\u0103, inclusiv<\/p>\n","protected":false},"author":1,"featured_media":0,"comment_status":"closed","ping_status":"closed","sticky":false,"template":"","format":"standard","meta":{"spay_email":"","footnotes":"","jetpack_publicize_message":""},"categories":[12],"tags":[],"class_list":["post-25368","post","type-post","status-publish","format-standard","hentry","category-stiri-internationale"],"jetpack_featured_media_url":"","jetpack_publicize_connections":[],"jetpack_sharing_enabled":true,"jetpack_shortlink":"https:\/\/wp.me\/p61naM-6Ba","jetpack-related-posts":[],"_links":{"self":[{"href":"https:\/\/realitatearutiera.ro\/index.php?rest_route=\/wp\/v2\/posts\/25368","targetHints":{"allow":["GET"]}}],"collection":[{"href":"https:\/\/realitatearutiera.ro\/index.php?rest_route=\/wp\/v2\/posts"}],"about":[{"href":"https:\/\/realitatearutiera.ro\/index.php?rest_route=\/wp\/v2\/types\/post"}],"author":[{"embeddable":true,"href":"https:\/\/realitatearutiera.ro\/index.php?rest_route=\/wp\/v2\/users\/1"}],"replies":[{"embeddable":true,"href":"https:\/\/realitatearutiera.ro\/index.php?rest_route=%2Fwp%2Fv2%2Fcomments&post=25368"}],"version-history":[{"count":1,"href":"https:\/\/realitatearutiera.ro\/index.php?rest_route=\/wp\/v2\/posts\/25368\/revisions"}],"predecessor-version":[{"id":25370,"href":"https:\/\/realitatearutiera.ro\/index.php?rest_route=\/wp\/v2\/posts\/25368\/revisions\/25370"}],"wp:attachment":[{"href":"https:\/\/realitatearutiera.ro\/index.php?rest_route=%2Fwp%2Fv2%2Fmedia&parent=25368"}],"wp:term":[{"taxonomy":"category","embeddable":true,"href":"https:\/\/realitatearutiera.ro\/index.php?rest_route=%2Fwp%2Fv2%2Fcategories&post=25368"},{"taxonomy":"post_tag","embeddable":true,"href":"https:\/\/realitatearutiera.ro\/index.php?rest_route=%2Fwp%2Fv2%2Ftags&post=25368"}],"curies":[{"name":"wp","href":"https:\/\/api.w.org\/{rel}","templated":true}]}}