{"id":25379,"date":"2017-07-20T10:38:57","date_gmt":"2017-07-20T07:38:57","guid":{"rendered":"http:\/\/realitatearutiera.ro\/?p=25379"},"modified":"2017-07-20T10:38:57","modified_gmt":"2017-07-20T07:38:57","slug":"mae-atentionare-de-calatorie-bosnia-si-hertegovina-incendii-de-vegetatie-si-temperaturi-ridicate","status":"publish","type":"post","link":"https:\/\/realitatearutiera.ro\/?p=25379","title":{"rendered":"MAE &#8211; aten\u021bionare de c\u0103l\u0103torie: Bosnia \u0219i Her\u021begovina &#8211; incendii de vegeta\u021bie \u0219i temperaturi ridicate"},"content":{"rendered":"<p class=\"intro\">Ministerul Afacerilor Externe (MAE) informeaz\u0103 cet\u0103\u021benii rom\u00e2ni care se afl\u0103, tranziteaz\u0103 sau doresc s\u0103 c\u0103l\u0103toreasc\u0103 \u00een Bosnia \u0219i Her\u021begovina c\u0103 acest stat se confrunt\u0103 cu incendii de vegeta\u021bie \u00een zona central\u0103 \u0219i de sud, \u00een apropierea localit\u0103\u021bilor Ljubinje, Caplijna \u0219i Jablanica.<\/p>\n<div class=\"image-wrapper medium-image mb25\"><img decoding=\"async\" src=\"https:\/\/www.agerpres.ro\/agerpres\/imageResize?path=%2Fmedia%2Fimages%2F2017-07%2F072008531164837360.jpg&amp;size=6\" \/><\/div>\n<p>\u00cen zona localit\u0103\u021bii Jablanica, focul s-a extins cu repeziciune pe muntele Cvrsnica, autorit\u0103\u021bile locale intervenind cu autoutilitare \u0219i elicoptere pentru men\u021binerea incendiului sub control, informeaz\u0103 un comunicat al Ministerului Afacerilor Externe (MAE) transmis joi AGERPRES.<\/p>\n<p>Activit\u0103\u021bile de stingere a incendiilor au fost blocate temporar \u00een zona Jablanica din cauza riscului de explozie a unor obiecte (muni\u021bie, proiectile) r\u0103mase neexplodate \u2014 UXO.<\/p>\n<p>\u00cen plus, arat\u0103 MAE, joi, regiunile Bihac, Prijedor \u0219i Banja Luka se vor confrunta cu temperaturi extreme de peste 35 grade, fiind emis cod portocaliu.<\/p>\n<p>\u00centruc\u00e2t incendiile sunt active \u0219i situa\u021bia poate suporta modific\u0103ri de la o or\u0103 la alta, se recomand\u0103 cet\u0103\u021benilor rom\u00e2ni ca \u00eenainte de a porni spre Bosnia \u0219i Her\u021begovina (BiH) s\u0103 consulte, pentru informa\u021bii actualizate permanent, paginile de Internet\u00a0<a href=\"http:\/\/www.meteoalarm.eu\/\" target=\"_blank\" rel=\"noopener noreferrer\">www.meteoalarm.eu<\/a>\u00a0\u0219i\u00a0<a href=\"http:\/\/bihamk.ba\/\" target=\"_blank\" rel=\"noopener noreferrer\">bihamk.ba<\/a>.<\/p>\n<p><b>Cet\u0103\u021benii rom\u00e2ni afecta\u021bi de situa\u021bie pot solicita asisten\u021b\u0103 consular\u0103 la numerele de telefon ale Ambasadei Rom\u00e2niei la Sarajevo: +38733207447 sau +38761428354, apelurile fiind redirec\u021bionate c\u0103tre Centrul de Contact \u0219i Suport al Cet\u0103\u021benilor Rom\u00e2ni din Str\u0103in\u0103tate (CCSCRS) \u0219i preluate de c\u0103tre operatorii Call Center \u00een regim de permanen\u021b\u0103.<\/b><\/p>\n<p><b>De asemenea, cet\u0103\u021benii rom\u00e2ni care se confrunt\u0103 cu o situa\u021bie dificil\u0103, special\u0103, cu caracter de urgen\u021b\u0103 au la dispozi\u021bie \u0219i telefonul de urgen\u021b\u0103 al misiunii diplomatice a Rom\u00e2niei la Sarajevo: +38761428354.<\/b><\/p>\n<p>Ministerul Afacerilor Externe \u00a0recomand\u0103 consultarea paginilor de Internet\u00a0<a href=\"http:\/\/sarajevo.mae.ro\/\" target=\"_blank\" rel=\"noopener noreferrer\">sarajevo.mae.ro<\/a>, \u00a0<a href=\"http:\/\/www.mae.ro\/\" target=\"_blank\" rel=\"noopener noreferrer\">www.mae.ro<\/a>\u00a0\u0219i reaminte\u0219te faptul c\u0103 cet\u0103\u021benii rom\u00e2ni care c\u0103l\u0103toresc \u00een str\u0103in\u0103tate au la dispozi\u021bie aplica\u021bia &#8220;C\u0103l\u0103tore\u0219te \u00een siguran\u021b\u0103&#8221; (disponibil\u0103 gratuit \u00een &#8220;App Store&#8221; \u0219i &#8220;Google Play&#8221;), care ofer\u0103 informa\u021bii \u0219i sfaturi de c\u0103l\u0103torie.<\/p>\n<p>Sursa:mediafax.ro<\/p>\n","protected":false},"excerpt":{"rendered":"<p>Ministerul Afacerilor Externe (MAE) informeaz\u0103 cet\u0103\u021benii rom\u00e2ni care se afl\u0103, tranziteaz\u0103 sau doresc s\u0103 c\u0103l\u0103toreasc\u0103 \u00een Bosnia \u0219i Her\u021begovina c\u0103<\/p>\n","protected":false},"author":1,"featured_media":0,"comment_status":"closed","ping_status":"closed","sticky":false,"template":"","format":"standard","meta":{"spay_email":"","footnotes":"","jetpack_publicize_message":""},"categories":[11],"tags":[],"class_list":["post-25379","post","type-post","status-publish","format-standard","hentry","category-stiri-interne"],"jetpack_featured_media_url":"","jetpack_publicize_connections":[],"jetpack_sharing_enabled":true,"jetpack_shortlink":"https:\/\/wp.me\/p61naM-6Bl","jetpack-related-posts":[],"_links":{"self":[{"href":"https:\/\/realitatearutiera.ro\/index.php?rest_route=\/wp\/v2\/posts\/25379","targetHints":{"allow":["GET"]}}],"collection":[{"href":"https:\/\/realitatearutiera.ro\/index.php?rest_route=\/wp\/v2\/posts"}],"about":[{"href":"https:\/\/realitatearutiera.ro\/index.php?rest_route=\/wp\/v2\/types\/post"}],"author":[{"embeddable":true,"href":"https:\/\/realitatearutiera.ro\/index.php?rest_route=\/wp\/v2\/users\/1"}],"replies":[{"embeddable":true,"href":"https:\/\/realitatearutiera.ro\/index.php?rest_route=%2Fwp%2Fv2%2Fcomments&post=25379"}],"version-history":[{"count":1,"href":"https:\/\/realitatearutiera.ro\/index.php?rest_route=\/wp\/v2\/posts\/25379\/revisions"}],"predecessor-version":[{"id":25381,"href":"https:\/\/realitatearutiera.ro\/index.php?rest_route=\/wp\/v2\/posts\/25379\/revisions\/25381"}],"wp:attachment":[{"href":"https:\/\/realitatearutiera.ro\/index.php?rest_route=%2Fwp%2Fv2%2Fmedia&parent=25379"}],"wp:term":[{"taxonomy":"category","embeddable":true,"href":"https:\/\/realitatearutiera.ro\/index.php?rest_route=%2Fwp%2Fv2%2Fcategories&post=25379"},{"taxonomy":"post_tag","embeddable":true,"href":"https:\/\/realitatearutiera.ro\/index.php?rest_route=%2Fwp%2Fv2%2Ftags&post=25379"}],"curies":[{"name":"wp","href":"https:\/\/api.w.org\/{rel}","templated":true}]}}