{"id":25382,"date":"2017-07-20T10:52:00","date_gmt":"2017-07-20T07:52:00","guid":{"rendered":"http:\/\/realitatearutiera.ro\/?p=25382"},"modified":"2017-07-20T10:53:47","modified_gmt":"2017-07-20T07:53:47","slug":"aburii-alcoolului-sau-inconstienta-la-urcat-la-volan","status":"publish","type":"post","link":"https:\/\/realitatearutiera.ro\/?p=25382","title":{"rendered":"Aburii alcoolului sau incon\u015ftien\u0163a l-a urcat la volan?"},"content":{"rendered":"<div class=\"text-parag strong\">\n<p>Un ie\u015fean s-a ales cu dosar penal dup\u0103 ce a fost tras pe dreapta de c\u0103tre poli\u0163i\u015fti. \u015eoferul nu avea documentele la el \u015fi mirosea a alcool.<\/p>\n<\/div>\n<div class=\"details-text text-parag\">\n<p>El a refuzat s\u0103 sufle \u00een etilotest \u015fi s\u0103-i fie prelevate probe biologice de s\u00e2nge. \u201eLa data de 18 iulie, \u00een jurul orei 16, poli\u0163i\u015ftii au oprit \u00een trafic pe \u015foseaua Bucium un autoturism condus de c\u0103tre un b\u0103rbat de 42 de ani, din comuna Miroslava. La controlul asupra documentelor s-a stabilit c\u0103 acesta nu are asupra lui permisul de conducere, cartea de identitate \u015fi asigurarea RCA. De asemenea, acesta emana halen\u0103 alcoolic\u0103, \u00eens\u0103 a refuzat s\u0103 \u00eei fie recoltate probe biolo\u00adgice de s\u00e2nge\u201c, a precizat Anca V\u00eejiac, din cadrul Ins\u00adpectoratului Jude\u0163ean de Poli\u0163ie Ia\u015fi. Dosarul penal a fost \u00eentocmit pentru refuzul prelev\u0103rii de s\u00e2nge pentru determinarea alcoolemiei.<\/p>\n<p>Sursa:ziaruldeiasi<\/p>\n<\/div>\n","protected":false},"excerpt":{"rendered":"<p>Un ie\u015fean s-a ales cu dosar penal dup\u0103 ce a fost tras pe dreapta de c\u0103tre poli\u0163i\u015fti. \u015eoferul nu avea<\/p>\n","protected":false},"author":1,"featured_media":0,"comment_status":"closed","ping_status":"closed","sticky":false,"template":"","format":"standard","meta":{"spay_email":"","footnotes":"","jetpack_publicize_message":""},"categories":[54],"tags":[],"class_list":["post-25382","post","type-post","status-publish","format-standard","hentry","category-informatii-rutiere"],"jetpack_featured_media_url":"","jetpack_publicize_connections":[],"jetpack_sharing_enabled":true,"jetpack_shortlink":"https:\/\/wp.me\/p61naM-6Bo","jetpack-related-posts":[],"_links":{"self":[{"href":"https:\/\/realitatearutiera.ro\/index.php?rest_route=\/wp\/v2\/posts\/25382","targetHints":{"allow":["GET"]}}],"collection":[{"href":"https:\/\/realitatearutiera.ro\/index.php?rest_route=\/wp\/v2\/posts"}],"about":[{"href":"https:\/\/realitatearutiera.ro\/index.php?rest_route=\/wp\/v2\/types\/post"}],"author":[{"embeddable":true,"href":"https:\/\/realitatearutiera.ro\/index.php?rest_route=\/wp\/v2\/users\/1"}],"replies":[{"embeddable":true,"href":"https:\/\/realitatearutiera.ro\/index.php?rest_route=%2Fwp%2Fv2%2Fcomments&post=25382"}],"version-history":[{"count":2,"href":"https:\/\/realitatearutiera.ro\/index.php?rest_route=\/wp\/v2\/posts\/25382\/revisions"}],"predecessor-version":[{"id":25385,"href":"https:\/\/realitatearutiera.ro\/index.php?rest_route=\/wp\/v2\/posts\/25382\/revisions\/25385"}],"wp:attachment":[{"href":"https:\/\/realitatearutiera.ro\/index.php?rest_route=%2Fwp%2Fv2%2Fmedia&parent=25382"}],"wp:term":[{"taxonomy":"category","embeddable":true,"href":"https:\/\/realitatearutiera.ro\/index.php?rest_route=%2Fwp%2Fv2%2Fcategories&post=25382"},{"taxonomy":"post_tag","embeddable":true,"href":"https:\/\/realitatearutiera.ro\/index.php?rest_route=%2Fwp%2Fv2%2Ftags&post=25382"}],"curies":[{"name":"wp","href":"https:\/\/api.w.org\/{rel}","templated":true}]}}