{"id":25540,"date":"2017-07-25T14:31:43","date_gmt":"2017-07-25T11:31:43","guid":{"rendered":"http:\/\/realitatearutiera.ro\/?p=25540"},"modified":"2017-07-25T14:31:43","modified_gmt":"2017-07-25T11:31:43","slug":"anm-sapte-judete-din-zona-munteniei-sub-cod-galben-de-vreme-instabila-pana-la-ora-1510","status":"publish","type":"post","link":"https:\/\/realitatearutiera.ro\/?p=25540","title":{"rendered":"ANM: \u0218apte jude\u021be din zona Munteniei, sub COD GALBEN de vreme instabil\u0103, p\u00e2n\u0103 la ora 15:10"},"content":{"rendered":"<p class=\"intro\">Localit\u0103\u021bi din \u0219apte jude\u021be situate \u00een regiunea Munteniei vor fi sub aten\u021bionare Cod galben nowcasting de vreme instabil\u0103 pe durata urm\u0103toarei ore.<\/p>\n<p>Conform Administra\u021biei Na\u021bionale de Meteorologie (ANM), p\u00e2n\u0103 la ora 15:10, \u00een jude\u021bele Buz\u0103u, Ilfov, Ialomi\u021ba, Prahova, C\u0103l\u0103ra\u0219i, D\u00e2mbovi\u021ba \u0219i Giurgiu sunt a\u0219teptate averse temporare ce vor cumula 10-15 l\/mp, respectiv izolat 20 l\/mp, precum \u0219i frecvente desc\u0103rc\u0103ri electrice, intensific\u0103ri de scurt\u0103 durat\u0103 ale v\u00e2ntului ce trec\u0103tor pot lua aspect de vijelie \u0219i grindin\u0103 de mici dimensiuni.<\/p>\n<p>Avertiz\u0103rile de fenomene periculoase imediate (nowcasting) se emit pentru o perioad\u0103 de maxim \u0219ase ore, precizeaz\u0103 ANM.<\/p>\n<p>Sursa: AGERPRES<\/p>\n","protected":false},"excerpt":{"rendered":"<p>Localit\u0103\u021bi din \u0219apte jude\u021be situate \u00een regiunea Munteniei vor fi sub aten\u021bionare Cod galben nowcasting de vreme instabil\u0103 pe durata<\/p>\n","protected":false},"author":1,"featured_media":11340,"comment_status":"closed","ping_status":"closed","sticky":false,"template":"","format":"standard","meta":{"spay_email":"","footnotes":"","jetpack_publicize_message":""},"categories":[6],"tags":[],"class_list":["post-25540","post","type-post","status-publish","format-standard","has-post-thumbnail","hentry","category-social"],"jetpack_featured_media_url":"https:\/\/i1.wp.com\/realitatearutiera.ro\/wp-content\/uploads\/2016\/07\/avertizare-meteo-doua-zile-de-canicula-si-instabilitate-atmosferica-disconfortul-termic-va-depasi-pragul-critic-in-dobrogea-145052.jpg?fit=%2C&ssl=1","jetpack_publicize_connections":[],"jetpack_sharing_enabled":true,"jetpack_shortlink":"https:\/\/wp.me\/p61naM-6DW","jetpack-related-posts":[],"_links":{"self":[{"href":"https:\/\/realitatearutiera.ro\/index.php?rest_route=\/wp\/v2\/posts\/25540","targetHints":{"allow":["GET"]}}],"collection":[{"href":"https:\/\/realitatearutiera.ro\/index.php?rest_route=\/wp\/v2\/posts"}],"about":[{"href":"https:\/\/realitatearutiera.ro\/index.php?rest_route=\/wp\/v2\/types\/post"}],"author":[{"embeddable":true,"href":"https:\/\/realitatearutiera.ro\/index.php?rest_route=\/wp\/v2\/users\/1"}],"replies":[{"embeddable":true,"href":"https:\/\/realitatearutiera.ro\/index.php?rest_route=%2Fwp%2Fv2%2Fcomments&post=25540"}],"version-history":[{"count":1,"href":"https:\/\/realitatearutiera.ro\/index.php?rest_route=\/wp\/v2\/posts\/25540\/revisions"}],"predecessor-version":[{"id":25541,"href":"https:\/\/realitatearutiera.ro\/index.php?rest_route=\/wp\/v2\/posts\/25540\/revisions\/25541"}],"wp:featuredmedia":[{"embeddable":true,"href":"https:\/\/realitatearutiera.ro\/index.php?rest_route=\/wp\/v2\/media\/11340"}],"wp:attachment":[{"href":"https:\/\/realitatearutiera.ro\/index.php?rest_route=%2Fwp%2Fv2%2Fmedia&parent=25540"}],"wp:term":[{"taxonomy":"category","embeddable":true,"href":"https:\/\/realitatearutiera.ro\/index.php?rest_route=%2Fwp%2Fv2%2Fcategories&post=25540"},{"taxonomy":"post_tag","embeddable":true,"href":"https:\/\/realitatearutiera.ro\/index.php?rest_route=%2Fwp%2Fv2%2Ftags&post=25540"}],"curies":[{"name":"wp","href":"https:\/\/api.w.org\/{rel}","templated":true}]}}