{"id":25576,"date":"2017-07-26T11:27:24","date_gmt":"2017-07-26T08:27:24","guid":{"rendered":"http:\/\/realitatearutiera.ro\/?p=25576"},"modified":"2017-07-26T11:27:24","modified_gmt":"2017-07-26T08:27:24","slug":"s-au-inchinat-cand-au-vazut-cine-e-la-volan","status":"publish","type":"post","link":"https:\/\/realitatearutiera.ro\/?p=25576","title":{"rendered":"S-au \u00eenchinat c\u00e2nd au v\u0103zut cine e la volan"},"content":{"rendered":"<p>Poli\u021bi\u0219tii de la Rutier\u0103 au avut un \u0219oc atunci c\u00e2nd au v\u0103zut cine se afl\u0103 \u00een spatele volanului unei ma\u0219ini extrem de puternice care zbura pe autostrad\u0103 cu viteza de 238 de kilometri pe or\u0103.<\/p>\n<p><img decoding=\"async\" src=\"https:\/\/i2.wp.com\/www.antena3.ro\/thumbs\/big3\/2017\/07\/26\/au-oprit-un-porsche-care-zbura-pe-autostrada-cu-238-km-h-s-au-inchinat-cand-au-vazut-cine-e-la-volan-466523.jpg?w=800&#038;ssl=1\" alt=\"Au oprit un Porsche care zbura pe autostrad\u0103 cu 238 km\/h. S-au \u00eenchinat c\u00e2nd au v\u0103zut cine e la volan 482\" data-recalc-dims=\"1\" \/><\/p>\n<div class=\"text\">\n<p>Nu era altcineva dec\u00e2t o\u00a0bunic\u0103 de 79 de ani, care a fost chemat\u0103\u00a0\u00een fa\u021ba instan\u021bei din Namur, s\u0103 dea explica\u021bii pentru graba cu care \u0219i-a condus\u00a0automobilul, un model Porsche Boxter GTS, scrie\u00a0<a href=\"http:\/\/libertatea.ro.\/\" target=\"_blank\" rel=\"noopener noreferrer\">libertatea.ro.<\/a><\/p>\n<div id=\"au_451469707\" data-mode=\"1\" data-placement=\"out-stream-video\" data-host=\"content.adunity.com\">\u00a0Femeia de 79 de ani a explicat c\u0103 a urcat la volan pentru a-\u0219i \u201egoli mintea\u201d, deoarece nu reu\u0219ea \u201es\u0103 g\u0103seasc\u0103 somnul\u201d. Ea a ad\u0103ugat c\u0103 nu \u0219i-a dat seama de viteza cu care circula pe autostrad\u0103, raporteaz\u0103 presa belgian\u0103. Trebuie men\u021bionat \u0219i motorul pe care automobilul ei \u00eel are sub capot\u0103: modelul Porsche Boxter GTS dezvolt\u0103 330 de cai-putere \u0219i este capabil s\u0103 ating\u0103 viteza de 100 de kilometri pe or\u0103 \u00een doar cinci secunde.<\/div>\n<\/div>\n<div><img width=\"1\" height=\"1\" \/>Sursa:antana3<\/div>\n","protected":false},"excerpt":{"rendered":"<p>Poli\u021bi\u0219tii de la Rutier\u0103 au avut un \u0219oc atunci c\u00e2nd au v\u0103zut cine se afl\u0103 \u00een spatele volanului unei ma\u0219ini<\/p>\n","protected":false},"author":1,"featured_media":17437,"comment_status":"closed","ping_status":"closed","sticky":false,"template":"","format":"standard","meta":{"spay_email":"","footnotes":"","jetpack_publicize_message":""},"categories":[54],"tags":[],"class_list":["post-25576","post","type-post","status-publish","format-standard","has-post-thumbnail","hentry","category-informatii-rutiere"],"jetpack_featured_media_url":"https:\/\/i1.wp.com\/realitatearutiera.ro\/wp-content\/uploads\/2017\/01\/viteza.jpg?fit=794%2C446&ssl=1","jetpack_publicize_connections":[],"jetpack_sharing_enabled":true,"jetpack_shortlink":"https:\/\/wp.me\/p61naM-6Ew","jetpack-related-posts":[],"_links":{"self":[{"href":"https:\/\/realitatearutiera.ro\/index.php?rest_route=\/wp\/v2\/posts\/25576","targetHints":{"allow":["GET"]}}],"collection":[{"href":"https:\/\/realitatearutiera.ro\/index.php?rest_route=\/wp\/v2\/posts"}],"about":[{"href":"https:\/\/realitatearutiera.ro\/index.php?rest_route=\/wp\/v2\/types\/post"}],"author":[{"embeddable":true,"href":"https:\/\/realitatearutiera.ro\/index.php?rest_route=\/wp\/v2\/users\/1"}],"replies":[{"embeddable":true,"href":"https:\/\/realitatearutiera.ro\/index.php?rest_route=%2Fwp%2Fv2%2Fcomments&post=25576"}],"version-history":[{"count":1,"href":"https:\/\/realitatearutiera.ro\/index.php?rest_route=\/wp\/v2\/posts\/25576\/revisions"}],"predecessor-version":[{"id":25577,"href":"https:\/\/realitatearutiera.ro\/index.php?rest_route=\/wp\/v2\/posts\/25576\/revisions\/25577"}],"wp:featuredmedia":[{"embeddable":true,"href":"https:\/\/realitatearutiera.ro\/index.php?rest_route=\/wp\/v2\/media\/17437"}],"wp:attachment":[{"href":"https:\/\/realitatearutiera.ro\/index.php?rest_route=%2Fwp%2Fv2%2Fmedia&parent=25576"}],"wp:term":[{"taxonomy":"category","embeddable":true,"href":"https:\/\/realitatearutiera.ro\/index.php?rest_route=%2Fwp%2Fv2%2Fcategories&post=25576"},{"taxonomy":"post_tag","embeddable":true,"href":"https:\/\/realitatearutiera.ro\/index.php?rest_route=%2Fwp%2Fv2%2Ftags&post=25576"}],"curies":[{"name":"wp","href":"https:\/\/api.w.org\/{rel}","templated":true}]}}