{"id":25971,"date":"2017-08-07T09:22:57","date_gmt":"2017-08-07T06:22:57","guid":{"rendered":"http:\/\/realitatearutiera.ro\/?p=25971"},"modified":"2017-08-07T09:54:18","modified_gmt":"2017-08-07T06:54:18","slug":"podul-de-la-maracineni-va-fi-inchis-pentru-opt-luni","status":"publish","type":"post","link":"https:\/\/realitatearutiera.ro\/?p=25971","title":{"rendered":"DRUM IMPORTANT DIN ROM\u00c2NIA VA FI \u00ceNCHIS pentru opt luni"},"content":{"rendered":"<p><strong>La sf\u00e2r\u0219itul acestei luni, \u00eencep lucr\u0103rile de repara\u021bie la podul de la M\u0103r\u0103cineni una dintre pun\u021bile care fac leg\u0103tura dintre Muntenia \u0219i Moldova.<\/strong><\/p>\n<p>Astfel, sensul de mers dinspre R\u00e2mnicu S\u0103rat spre Buz\u0103u va fi \u00eenchis pentru opt luni. Anun\u021bul a fost f\u0103cut de oficialii CNAIR, care au spus c\u0103 licita\u021bia pentru desemnarea constructorului se desf\u0103\u0219oar\u0103 f\u0103r\u0103 probleme.<\/p>\n<p>\u201e\u00cen data de 20 iulie s-au deschis ofertele pentru podul de la M\u0103r\u0103cineni. \u00cen acest moment ne afl\u0103m \u00een faza de evaluare, care are ca termen limit\u0103 15 august. Trebuie s\u0103 preciz\u0103m c\u0103 a fost depus\u0103 o singur\u0103 ofert\u0103 pentru acest proiect. Trebuie s\u0103 precizez \u015fi c\u0103, dup\u0103 semnarea contractului se va da ordinul de \u00eencepere a lucr\u0103rilor, iar lucr\u0103rile vor dura opt luni de zile.\u201d, a declarat purt\u0103torul de cuv\u00eent al CNAIR, Alin \u0218erb\u0103nescu.<\/p>\n<p>Podul va intra \u00een repara\u021bii capitale, se vor reface structurile metalice \u0219i vor fi consolida\u021bi st\u00e2lpii de beton, valoarea total\u0103 a lucr\u0103rilor ridic\u00e2ndu-se la 5 milioane de lei. Podul este zilnic tranzitat de peste 40.000 de ma\u0219ini.<\/p>\n<p>&nbsp;<\/p>\n","protected":false},"excerpt":{"rendered":"<p>La sf\u00e2r\u0219itul acestei luni, \u00eencep lucr\u0103rile de repara\u021bie la podul de la M\u0103r\u0103cineni una dintre pun\u021bile care fac leg\u0103tura dintre<\/p>\n","protected":false},"author":1,"featured_media":0,"comment_status":"closed","ping_status":"closed","sticky":false,"template":"","format":"standard","meta":{"spay_email":"","footnotes":"","jetpack_publicize_message":""},"categories":[11],"tags":[],"class_list":["post-25971","post","type-post","status-publish","format-standard","hentry","category-stiri-interne"],"jetpack_featured_media_url":"","jetpack_publicize_connections":[],"jetpack_sharing_enabled":true,"jetpack_shortlink":"https:\/\/wp.me\/p61naM-6KT","jetpack-related-posts":[],"_links":{"self":[{"href":"https:\/\/realitatearutiera.ro\/index.php?rest_route=\/wp\/v2\/posts\/25971","targetHints":{"allow":["GET"]}}],"collection":[{"href":"https:\/\/realitatearutiera.ro\/index.php?rest_route=\/wp\/v2\/posts"}],"about":[{"href":"https:\/\/realitatearutiera.ro\/index.php?rest_route=\/wp\/v2\/types\/post"}],"author":[{"embeddable":true,"href":"https:\/\/realitatearutiera.ro\/index.php?rest_route=\/wp\/v2\/users\/1"}],"replies":[{"embeddable":true,"href":"https:\/\/realitatearutiera.ro\/index.php?rest_route=%2Fwp%2Fv2%2Fcomments&post=25971"}],"version-history":[{"count":2,"href":"https:\/\/realitatearutiera.ro\/index.php?rest_route=\/wp\/v2\/posts\/25971\/revisions"}],"predecessor-version":[{"id":25982,"href":"https:\/\/realitatearutiera.ro\/index.php?rest_route=\/wp\/v2\/posts\/25971\/revisions\/25982"}],"wp:attachment":[{"href":"https:\/\/realitatearutiera.ro\/index.php?rest_route=%2Fwp%2Fv2%2Fmedia&parent=25971"}],"wp:term":[{"taxonomy":"category","embeddable":true,"href":"https:\/\/realitatearutiera.ro\/index.php?rest_route=%2Fwp%2Fv2%2Fcategories&post=25971"},{"taxonomy":"post_tag","embeddable":true,"href":"https:\/\/realitatearutiera.ro\/index.php?rest_route=%2Fwp%2Fv2%2Ftags&post=25971"}],"curies":[{"name":"wp","href":"https:\/\/api.w.org\/{rel}","templated":true}]}}