{"id":26006,"date":"2017-08-07T13:21:18","date_gmt":"2017-08-07T10:21:18","guid":{"rendered":"http:\/\/realitatearutiera.ro\/?p=26006"},"modified":"2017-08-07T13:21:18","modified_gmt":"2017-08-07T10:21:18","slug":"bmw-si-volkswagen-lanseaza-un-program-rabla-propriu","status":"publish","type":"post","link":"https:\/\/realitatearutiera.ro\/?p=26006","title":{"rendered":"BMW \u015fi Volkswagen lanseaz\u0103 un &#8220;program Rabla&#8221; propriu"},"content":{"rendered":"<p><strong>BMW a anun\u021bat oficial c\u0103 va introduce la nivel european un program prin care le va oferi o reducere de p\u00e2n\u0103 la 2000 de euro celor care se orienteaz\u0103 spre un model ecologic comercializat de marca german\u0103 sau de marca Mini.<\/strong><\/p>\n<p>&#8220;Proprietarii de automobile diesel care \u00eendeplinesc standardul Euro 4 sau mai pu\u0163in vor beneficia de un bonus de mediu de p\u00e2n\u0103 la 2.000 \u20ac (suma depinde de modelul cump\u0103rat) atunci c\u00e2nd \u00ee\u015fi schimb\u0103 automobilul \u015fi cump\u0103r\u0103 un BMW sau MINI nou. Noul model ales trebuie s\u0103 fie un BMW i3, un hybrid plug-in sau un automobil diesel EU6 cu emisii CO2 de p\u00e2n\u0103 la 130 g\/km (\u00een NEDC)&#8221;, se arat\u0103 \u00eentr-un comunicat al BMW.<\/p>\n<p>Conform m\u0103rcii germane, programul va \u00eencepe \u00een luna august \u0219i se va derula cel pu\u021bin p\u00e2n\u0103 la finalul acestui an.<\/p>\n<p>\u015ei grupul Volkswagen a anun\u021bat un program asem\u0103n\u0103tor, dar care se va derula \u00eens\u0103 exclusiv \u00een Germania.<\/p>\n<p>Conform comunicatului oficial publicat pe site-ul de pres\u0103 al constructorului german, programul de trade-in va viza clien\u021bii m\u0103rcilor Volkswagen, Audi, Seat, Skoda \u0219i Porsche care de\u021bin ma\u0219ini Euro 1 &#8211; Euro 4 \u0219i care se orienteaz\u0103 spre ma\u0219ini noi Euro 6 ale acelora\u0219i m\u0103rci.<\/p>\n","protected":false},"excerpt":{"rendered":"<p>BMW a anun\u021bat oficial c\u0103 va introduce la nivel european un program prin care le va oferi o reducere de<\/p>\n","protected":false},"author":1,"featured_media":0,"comment_status":"closed","ping_status":"closed","sticky":false,"template":"","format":"standard","meta":{"spay_email":"","footnotes":"","jetpack_publicize_message":""},"categories":[12],"tags":[],"class_list":["post-26006","post","type-post","status-publish","format-standard","hentry","category-stiri-internationale"],"jetpack_featured_media_url":"","jetpack_publicize_connections":[],"jetpack_sharing_enabled":true,"jetpack_shortlink":"https:\/\/wp.me\/p61naM-6Ls","jetpack-related-posts":[],"_links":{"self":[{"href":"https:\/\/realitatearutiera.ro\/index.php?rest_route=\/wp\/v2\/posts\/26006","targetHints":{"allow":["GET"]}}],"collection":[{"href":"https:\/\/realitatearutiera.ro\/index.php?rest_route=\/wp\/v2\/posts"}],"about":[{"href":"https:\/\/realitatearutiera.ro\/index.php?rest_route=\/wp\/v2\/types\/post"}],"author":[{"embeddable":true,"href":"https:\/\/realitatearutiera.ro\/index.php?rest_route=\/wp\/v2\/users\/1"}],"replies":[{"embeddable":true,"href":"https:\/\/realitatearutiera.ro\/index.php?rest_route=%2Fwp%2Fv2%2Fcomments&post=26006"}],"version-history":[{"count":1,"href":"https:\/\/realitatearutiera.ro\/index.php?rest_route=\/wp\/v2\/posts\/26006\/revisions"}],"predecessor-version":[{"id":26008,"href":"https:\/\/realitatearutiera.ro\/index.php?rest_route=\/wp\/v2\/posts\/26006\/revisions\/26008"}],"wp:attachment":[{"href":"https:\/\/realitatearutiera.ro\/index.php?rest_route=%2Fwp%2Fv2%2Fmedia&parent=26006"}],"wp:term":[{"taxonomy":"category","embeddable":true,"href":"https:\/\/realitatearutiera.ro\/index.php?rest_route=%2Fwp%2Fv2%2Fcategories&post=26006"},{"taxonomy":"post_tag","embeddable":true,"href":"https:\/\/realitatearutiera.ro\/index.php?rest_route=%2Fwp%2Fv2%2Ftags&post=26006"}],"curies":[{"name":"wp","href":"https:\/\/api.w.org\/{rel}","templated":true}]}}