{"id":26143,"date":"2017-08-10T09:57:01","date_gmt":"2017-08-10T06:57:01","guid":{"rendered":"http:\/\/realitatearutiera.ro\/?p=26143"},"modified":"2017-08-10T09:57:01","modified_gmt":"2017-08-10T06:57:01","slug":"restrictii-de-circulatie-in-constanta-cu-ocazia-manifestatiilor-de-ziua-marinei-vezi-cum-se-circula","status":"publish","type":"post","link":"https:\/\/realitatearutiera.ro\/?p=26143","title":{"rendered":"Restric\u021bii de circula\u021bie \u00een Constan\u021ba, cu ocazia manifesta\u021biilor de Ziua Marinei &#8211; vezi cum se circul\u0103!"},"content":{"rendered":"<p><strong>Cu ocazia manifest\u0103rilor organizate de Ziua Marinei Rom\u00e2ne 2017, autorit\u0103\u021bile din Constan\u021ba informeaz\u0103 c\u0103, \u00een perioada 14 &#8211; 15 august, poli\u021bi\u0219tii locali, \u00een cooperare cu efective ale Inspectoratului de Poli\u021bie Jude\u021bean Constan\u021ba \u0219i Inspectoratului de Jandarmi Jude\u021bean Constan\u021ba, vor ajuta la fluidizarea traficului rutier \u0219i pietonal \u0219i la men\u021binerea ordinii \u0219i lini\u0219tii publice \u00een zona peninsular\u0103.<\/strong><\/p>\n<p>Autorit\u0103\u021bile recomand\u0103 const\u0103n\u021benilor \u0219i turi\u0219tilor care particip\u0103 la evenimentele organizate cu ocazia Zilei Marinei Rom\u00e2ne s\u0103 utilizeze cu prec\u0103dere mijloacele de transport \u00een comun, iar \u00een cazul utiliz\u0103rii autovehiculului s\u0103 respecte indica\u021biile for\u021belor de ordine.<\/p>\n<p>Totodat\u0103,<strong>\u00a0va fi \u00eenchis\/restric\u021bionat accesul autovehiculelor \u00een zona peninsular\u0103<\/strong>\u00a0\u00een intervalul 14.08.2017, ora 07:00 &#8211; 15.08.2017, ora 24:00, astfel: str. Traian &#8211; Poarta 3, str. Traian &#8211; Poarta 1, str. Termele Romane de la intersec\u021bia cu str. Traian, bd. Tomis de la intersec\u021bia cu str. Traian, str. Ecaterina Varga de la intersec\u021bia cu str. Negru Vod\u0103, str. Mircea cel B\u0103tr\u00e2n de la intersec\u021bia cu str. Negru Vod\u0103.<\/p>\n<p>Accesul riveranilor se va realiza prin prezentarea unui act de identitate care dovede\u0219te c\u0103 utilizatorul autoturismului domiciliaz\u0103 \u00een zona \u00een care au fost impuse restric\u021bii de circula\u021bie. De men\u021bionat c\u0103 ma\u0219inile de aprovizionare vor avea acces \u00een zon\u0103, \u00een cele dou\u0103 zile, doar \u00een cursul nop\u021bii p\u00e2n\u0103 la ora 07:00 a.m.<\/p>\n<p>Accesul taxiurilor, mijloacelor de transport (autoturisme, microbuze, maxi-taxi) va fi interzis, cu excep\u021bia autovehiculelor apar\u021bin\u00e2nd institu\u021biilor publice\/persoanelor invitate\/acreditate s\u0103 participe la acest eveniment.<\/p>\n<p>De asemenea, va fi interzis\u0103 oprirea pe bd. Regina Elisabeta, str. Termele Romane, pe trotuarul din fa\u021ba Comandamentului Flotei, semicercul de la Farul Genovez, pe str. Remus Opreanu \u00eentre Comandamentul Flotei \u0219i str. Revolu\u021biei din 22 Decembrie 1989 (cu excep\u021bia autovehiculelor din coloanele oficiale sau apar\u021bin\u00e2nd demnitarilor statului rom\u00e2n).<\/p>\n<p>Transportul persoanelor care doresc s\u0103 participe la acest eveniment va fi asigurat de RATC, prin suplimentarea transportului cu mijloace de transport. Astfel, \u00een zilele de 14 \u0219i 15 august autobuzele RATC\u00a0 vor circula conform programului din zilele de s\u0103rb\u0103toare.<\/p>\n<p><strong>\u2022 \u00cen ziua de 14 august<\/strong>\u00a0(c\u00e2nd au loc repeti\u021biile), fluxul autobuzelor va fi unul normal, pentru ca pe 15 august, \u00een intervalele orare cu num\u0103r crescut de c\u0103l\u0103tori (7.30-9.30 \u0219i dup\u0103 ora 13.00), pe traseele regulate c\u0103tre zona evenimentului se va suplimenta num\u0103rul de autobuze \u0219i se va reduce frecven\u021ba acestora.<\/p>\n<p><strong>\u2022 \u00cen data de 15 august programul va fi urm\u0103torul:<\/strong><\/p>\n<p>&#8211; programul liniilor 42, 44, 48 51 \u0219i 101C se prelunge\u0219te p\u00e2n\u0103 la ora 24:00;<\/p>\n<p>&#8211; liniile 42, 48 \u0219i 101 C se prelungesc p\u00e2n\u0103 la Poarta 1, cu program de la ora 05:45 p\u00e2n\u0103 la ora 24:00.<\/p>\n<p>&#8211; autobuzele care deservesc liniile prelungite vor opri \u00een toate sta\u021biile p\u00e2n\u0103 la Poarta 1;<\/p>\n<p>&#8211; linia de autobuz 42 va fi suplimentat\u0103 cu 3 autobuze pe tot parcursul zilei.<\/p>\n<p>sursa: reporterntv.ro<\/p>\n","protected":false},"excerpt":{"rendered":"<p>Cu ocazia manifest\u0103rilor organizate de Ziua Marinei Rom\u00e2ne 2017, autorit\u0103\u021bile din Constan\u021ba informeaz\u0103 c\u0103, \u00een perioada 14 &#8211; 15 august,<\/p>\n","protected":false},"author":1,"featured_media":0,"comment_status":"closed","ping_status":"closed","sticky":false,"template":"","format":"standard","meta":{"spay_email":"","footnotes":"","jetpack_publicize_message":""},"categories":[54],"tags":[],"class_list":["post-26143","post","type-post","status-publish","format-standard","hentry","category-informatii-rutiere"],"jetpack_featured_media_url":"","jetpack_publicize_connections":[],"jetpack_sharing_enabled":true,"jetpack_shortlink":"https:\/\/wp.me\/p61naM-6NF","jetpack-related-posts":[],"_links":{"self":[{"href":"https:\/\/realitatearutiera.ro\/index.php?rest_route=\/wp\/v2\/posts\/26143","targetHints":{"allow":["GET"]}}],"collection":[{"href":"https:\/\/realitatearutiera.ro\/index.php?rest_route=\/wp\/v2\/posts"}],"about":[{"href":"https:\/\/realitatearutiera.ro\/index.php?rest_route=\/wp\/v2\/types\/post"}],"author":[{"embeddable":true,"href":"https:\/\/realitatearutiera.ro\/index.php?rest_route=\/wp\/v2\/users\/1"}],"replies":[{"embeddable":true,"href":"https:\/\/realitatearutiera.ro\/index.php?rest_route=%2Fwp%2Fv2%2Fcomments&post=26143"}],"version-history":[{"count":1,"href":"https:\/\/realitatearutiera.ro\/index.php?rest_route=\/wp\/v2\/posts\/26143\/revisions"}],"predecessor-version":[{"id":26146,"href":"https:\/\/realitatearutiera.ro\/index.php?rest_route=\/wp\/v2\/posts\/26143\/revisions\/26146"}],"wp:attachment":[{"href":"https:\/\/realitatearutiera.ro\/index.php?rest_route=%2Fwp%2Fv2%2Fmedia&parent=26143"}],"wp:term":[{"taxonomy":"category","embeddable":true,"href":"https:\/\/realitatearutiera.ro\/index.php?rest_route=%2Fwp%2Fv2%2Fcategories&post=26143"},{"taxonomy":"post_tag","embeddable":true,"href":"https:\/\/realitatearutiera.ro\/index.php?rest_route=%2Fwp%2Fv2%2Ftags&post=26143"}],"curies":[{"name":"wp","href":"https:\/\/api.w.org\/{rel}","templated":true}]}}