{"id":26755,"date":"2017-08-31T15:30:17","date_gmt":"2017-08-31T12:30:17","guid":{"rendered":"http:\/\/realitatearutiera.ro\/?p=26755"},"modified":"2017-08-31T14:59:37","modified_gmt":"2017-08-31T11:59:37","slug":"la-sfarsit-de-august-a-inflorit","status":"publish","type":"post","link":"https:\/\/realitatearutiera.ro\/?p=26755","title":{"rendered":"La sf\u00e2r\u015fit de august a \u00eenflorit&#8230; !"},"content":{"rendered":"<hr \/>\n<p>Fenomen neobi\u015fnuit pentru aceast\u0103 perioad\u0103. La sf\u00e2r\u015fit de august a \u00eenflorit&#8230; liliacul!<\/p>\n<p>Se pare c\u0103 nu este pentru prima dat\u0103 c\u00e2nd aceast\u0103 plant\u0103 \u00eenflore\u015fte la sf\u00e2r\u015fitul verii. Acela\u015fi lucru s-a \u00eent\u00e2mplat \u00een august anul trecut \u00een gospod\u0103ria unui b\u0103rbat din Republica Moldova.<\/p>\n<p>\u015ei \u00een septembrie 2012, un locuitor din Chi\u015fin\u0103u a observat cu surprindere un fenomen mai pu\u0163in obi\u015fnuit pentru sf\u00e2r\u015fitul lunii septembrie. Liliacul de la poart\u0103, pe care l-a s\u0103dit cu cinsprezece ani \u00een urm\u0103, a \u00eenflorit.<\/p>\n<p>&nbsp;<\/p>\n<p><img loading=\"lazy\" decoding=\"async\" title=\"(w460)\" src=\"https:\/\/i1.wp.com\/media.realitatea.net\/multimedia\/image\/201708\/w460\/flori_liliac_august_95543100_25281200.jpg?resize=460%2C258\" alt=\"(w460)\" width=\"460\" height=\"258\" data-recalc-dims=\"1\" \/><\/p>\n<p>Sursa:realitatea.net<\/p>\n","protected":false},"excerpt":{"rendered":"<p>Fenomen neobi\u015fnuit pentru aceast\u0103 perioad\u0103. La sf\u00e2r\u015fit de august a \u00eenflorit&#8230; liliacul! Se pare c\u0103 nu este pentru prima dat\u0103<\/p>\n","protected":false},"author":1,"featured_media":0,"comment_status":"closed","ping_status":"closed","sticky":false,"template":"","format":"standard","meta":{"spay_email":"","footnotes":"","jetpack_publicize_message":""},"categories":[6],"tags":[],"class_list":["post-26755","post","type-post","status-publish","format-standard","hentry","category-social"],"jetpack_featured_media_url":"","jetpack_publicize_connections":[],"jetpack_sharing_enabled":true,"jetpack_shortlink":"https:\/\/wp.me\/p61naM-6Xx","jetpack-related-posts":[],"_links":{"self":[{"href":"https:\/\/realitatearutiera.ro\/index.php?rest_route=\/wp\/v2\/posts\/26755","targetHints":{"allow":["GET"]}}],"collection":[{"href":"https:\/\/realitatearutiera.ro\/index.php?rest_route=\/wp\/v2\/posts"}],"about":[{"href":"https:\/\/realitatearutiera.ro\/index.php?rest_route=\/wp\/v2\/types\/post"}],"author":[{"embeddable":true,"href":"https:\/\/realitatearutiera.ro\/index.php?rest_route=\/wp\/v2\/users\/1"}],"replies":[{"embeddable":true,"href":"https:\/\/realitatearutiera.ro\/index.php?rest_route=%2Fwp%2Fv2%2Fcomments&post=26755"}],"version-history":[{"count":1,"href":"https:\/\/realitatearutiera.ro\/index.php?rest_route=\/wp\/v2\/posts\/26755\/revisions"}],"predecessor-version":[{"id":26756,"href":"https:\/\/realitatearutiera.ro\/index.php?rest_route=\/wp\/v2\/posts\/26755\/revisions\/26756"}],"wp:attachment":[{"href":"https:\/\/realitatearutiera.ro\/index.php?rest_route=%2Fwp%2Fv2%2Fmedia&parent=26755"}],"wp:term":[{"taxonomy":"category","embeddable":true,"href":"https:\/\/realitatearutiera.ro\/index.php?rest_route=%2Fwp%2Fv2%2Fcategories&post=26755"},{"taxonomy":"post_tag","embeddable":true,"href":"https:\/\/realitatearutiera.ro\/index.php?rest_route=%2Fwp%2Fv2%2Ftags&post=26755"}],"curies":[{"name":"wp","href":"https:\/\/api.w.org\/{rel}","templated":true}]}}