{"id":26977,"date":"2017-09-20T12:52:32","date_gmt":"2017-09-20T09:52:32","guid":{"rendered":"http:\/\/realitatearutiera.ro\/?p=26977"},"modified":"2017-09-20T12:52:32","modified_gmt":"2017-09-20T09:52:32","slug":"alunecari-de-teren-pe-autostrada-a10","status":"publish","type":"post","link":"https:\/\/realitatearutiera.ro\/?p=26977","title":{"rendered":"Alunec\u0103ri de teren pe Autostrada A10"},"content":{"rendered":"<p><img decoding=\"async\" src=\"https:\/\/i2.wp.com\/media.realitatea.net\/multimedia\/image\/201709\/w728\/a10_41098800.jpg?w=800&#038;ssl=1\" data-recalc-dims=\"1\" \/><\/p>\n<p>A10 este autostrada care va face leg\u0103tura dintre Autostrada A1 \u015fi Autostrada A3, pe traseul Sebe\u015f &#8211; Turda.<\/p>\n<p>\u00cen luna iulie 2013 a fost anun\u0163at\u0103 organizarea unei licita\u0163ii pentru por\u0163iunea Sebe\u015f-Turda, iar rezultatele acesteia au fost anun\u0163ate \u00een decembrie 2013.<br \/>\n&#8220;Ehee, dac\u0103 s-ar fi f\u0103cut relocarea st\u00e2lpului acum un an! B\u0103nuiala mea este c\u0103 alunecarea a fost favorizat\u0103 de schimbarea \u00eentregii statici a dealului respectiv&#8221;, a scris un utilizator.<\/p>\n<p><span class=\"embed-youtube\" style=\"text-align:center; display: block;\"><iframe class='youtube-player' width='800' height='450' src='https:\/\/www.youtube.com\/embed\/YhjjdSMN3zw?version=3&#038;rel=1&#038;fs=1&#038;autohide=2&#038;showsearch=0&#038;showinfo=1&#038;iv_load_policy=1&#038;wmode=transparent' allowfullscreen='true' style='border:0;'><\/iframe><\/span><\/p>\n<p>Sursa:realitatea.net<\/p>\n","protected":false},"excerpt":{"rendered":"<p>A10 este autostrada care va face leg\u0103tura dintre Autostrada A1 \u015fi Autostrada A3, pe traseul Sebe\u015f &#8211; Turda. \u00cen luna<\/p>\n","protected":false},"author":1,"featured_media":0,"comment_status":"closed","ping_status":"closed","sticky":false,"template":"","format":"standard","meta":{"spay_email":"","footnotes":"","jetpack_publicize_message":""},"categories":[54],"tags":[],"class_list":["post-26977","post","type-post","status-publish","format-standard","hentry","category-informatii-rutiere"],"jetpack_featured_media_url":"","jetpack_publicize_connections":[],"jetpack_sharing_enabled":true,"jetpack_shortlink":"https:\/\/wp.me\/p61naM-717","jetpack-related-posts":[],"_links":{"self":[{"href":"https:\/\/realitatearutiera.ro\/index.php?rest_route=\/wp\/v2\/posts\/26977","targetHints":{"allow":["GET"]}}],"collection":[{"href":"https:\/\/realitatearutiera.ro\/index.php?rest_route=\/wp\/v2\/posts"}],"about":[{"href":"https:\/\/realitatearutiera.ro\/index.php?rest_route=\/wp\/v2\/types\/post"}],"author":[{"embeddable":true,"href":"https:\/\/realitatearutiera.ro\/index.php?rest_route=\/wp\/v2\/users\/1"}],"replies":[{"embeddable":true,"href":"https:\/\/realitatearutiera.ro\/index.php?rest_route=%2Fwp%2Fv2%2Fcomments&post=26977"}],"version-history":[{"count":1,"href":"https:\/\/realitatearutiera.ro\/index.php?rest_route=\/wp\/v2\/posts\/26977\/revisions"}],"predecessor-version":[{"id":26978,"href":"https:\/\/realitatearutiera.ro\/index.php?rest_route=\/wp\/v2\/posts\/26977\/revisions\/26978"}],"wp:attachment":[{"href":"https:\/\/realitatearutiera.ro\/index.php?rest_route=%2Fwp%2Fv2%2Fmedia&parent=26977"}],"wp:term":[{"taxonomy":"category","embeddable":true,"href":"https:\/\/realitatearutiera.ro\/index.php?rest_route=%2Fwp%2Fv2%2Fcategories&post=26977"},{"taxonomy":"post_tag","embeddable":true,"href":"https:\/\/realitatearutiera.ro\/index.php?rest_route=%2Fwp%2Fv2%2Ftags&post=26977"}],"curies":[{"name":"wp","href":"https:\/\/api.w.org\/{rel}","templated":true}]}}