{"id":2728,"date":"2015-06-30T06:13:16","date_gmt":"2015-06-30T06:13:16","guid":{"rendered":"http:\/\/realitatearutiera.ro\/?p=2728"},"modified":"2015-06-30T06:13:16","modified_gmt":"2015-06-30T06:13:16","slug":"tragedie-pe-sosea","status":"publish","type":"post","link":"https:\/\/realitatearutiera.ro\/?p=2728","title":{"rendered":"TRAGEDIE PE SOSEA!!"},"content":{"rendered":"<p>Un motociclist a intrat frontal \u00eentr-un tir.<\/p>\n<p>Scene \u015focante au avut loc ieri \u00een jude\u0163ul<strong> Arge\u015f,<\/strong> la ie\u015firea din Pite\u015fti. Un b\u0103rbata murit dup\u0103 ce a sc\u0103pat motocicleta de sub control \u015fi a intrat frontal \u00eentr-un tir.<\/p>\n<p>T\u00e2n\u0103rul a fost proiectat \u00eentr-o alt\u0103 ma\u015fin\u0103 \u015fi apoi a ajuns sub ro\u0163ile unei dube. Medicii de la <strong>SMURD<\/strong> l-au g\u0103sit \u00een stop cardio respirator \u015fi l-au dus imediat la spital.<\/p>\n<p>Din p\u0103cate, motociclistul nu a supravie\u0163uit din cauza r\u0103nilor grave.<\/p>\n","protected":false},"excerpt":{"rendered":"<p>Un motociclist a intrat frontal \u00eentr-un tir. Scene \u015focante au avut loc ieri \u00een jude\u0163ul Arge\u015f, la ie\u015firea din Pite\u015fti.<\/p>\n","protected":false},"author":1,"featured_media":2595,"comment_status":"open","ping_status":"open","sticky":false,"template":"","format":"standard","meta":{"spay_email":"","footnotes":"","jetpack_publicize_message":""},"categories":[1],"tags":[],"class_list":["post-2728","post","type-post","status-publish","format-standard","has-post-thumbnail","hentry","category-uncategorized"],"jetpack_featured_media_url":"https:\/\/i2.wp.com\/realitatearutiera.ro\/wp-content\/uploads\/2015\/06\/AccTimisoara.jpg?fit=620%2C348&ssl=1","jetpack_publicize_connections":[],"jetpack_sharing_enabled":true,"jetpack_shortlink":"https:\/\/wp.me\/p61naM-I0","jetpack-related-posts":[],"_links":{"self":[{"href":"https:\/\/realitatearutiera.ro\/index.php?rest_route=\/wp\/v2\/posts\/2728","targetHints":{"allow":["GET"]}}],"collection":[{"href":"https:\/\/realitatearutiera.ro\/index.php?rest_route=\/wp\/v2\/posts"}],"about":[{"href":"https:\/\/realitatearutiera.ro\/index.php?rest_route=\/wp\/v2\/types\/post"}],"author":[{"embeddable":true,"href":"https:\/\/realitatearutiera.ro\/index.php?rest_route=\/wp\/v2\/users\/1"}],"replies":[{"embeddable":true,"href":"https:\/\/realitatearutiera.ro\/index.php?rest_route=%2Fwp%2Fv2%2Fcomments&post=2728"}],"version-history":[{"count":1,"href":"https:\/\/realitatearutiera.ro\/index.php?rest_route=\/wp\/v2\/posts\/2728\/revisions"}],"predecessor-version":[{"id":2729,"href":"https:\/\/realitatearutiera.ro\/index.php?rest_route=\/wp\/v2\/posts\/2728\/revisions\/2729"}],"wp:featuredmedia":[{"embeddable":true,"href":"https:\/\/realitatearutiera.ro\/index.php?rest_route=\/wp\/v2\/media\/2595"}],"wp:attachment":[{"href":"https:\/\/realitatearutiera.ro\/index.php?rest_route=%2Fwp%2Fv2%2Fmedia&parent=2728"}],"wp:term":[{"taxonomy":"category","embeddable":true,"href":"https:\/\/realitatearutiera.ro\/index.php?rest_route=%2Fwp%2Fv2%2Fcategories&post=2728"},{"taxonomy":"post_tag","embeddable":true,"href":"https:\/\/realitatearutiera.ro\/index.php?rest_route=%2Fwp%2Fv2%2Ftags&post=2728"}],"curies":[{"name":"wp","href":"https:\/\/api.w.org\/{rel}","templated":true}]}}