{"id":27731,"date":"2017-10-09T14:46:36","date_gmt":"2017-10-09T11:46:36","guid":{"rendered":"http:\/\/realitatearutiera.ro\/?p=27731"},"modified":"2017-10-09T14:46:36","modified_gmt":"2017-10-09T11:46:36","slug":"ministrul-transporturilor-dupa-tragicul-accident-in-care-au-disparut-patru-oameni","status":"publish","type":"post","link":"https:\/\/realitatearutiera.ro\/?p=27731","title":{"rendered":"Ministrul Transporturilor, dup\u0103 tragicul accident \u00een care au disp\u0103rut patru oameni"},"content":{"rendered":"<p>Directorul de la Regionala de Drumuri Timi\u015foara a fost demis dup\u0103 scandalul uria\u015f privind parapetele de protec\u0163ie de pe malul Dun\u0103rii.<\/p>\n<p>Este vorba despre lipsa parapetelui care a dus la o tragedie: o ma\u015fin\u0103 a c\u0103zut \u00een fluviu, cu to\u0163i cei cinci pasageri la bord. Doar unul a reu\u015fit s\u0103 se slaveze.<\/p>\n<p>Ma\u015fina a fost scoas\u0103 din ap\u0103, \u00eens\u0103 nici urm\u0103 de ceilal\u0163i patru pasageri: un b\u0103rbat \u015fi o femeie de 48 respectiv 40 de ani, cu fiul lor de 22 de ani \u015fi copilul cel mic de trei ani.<\/p>\n<div class=\"banner\"><\/div>\n<p>\u015eefii din direc\u0163ia regional\u0103 de drumuri au fost chema\u0163i la ministerul Transporturilor \u00een aceast\u0103 diminea\u0163\u0103 s\u0103 dea explica\u0163ii.<\/p>\n<p>Ministrul Transporturilor, R\u0103zvan Cuc, a declarat luni, la Antena 3, c\u0103 a solicitat un raport pentru a vedea elementele care ar fi putut duce la agravarea evenimentului.<\/p>\n<p>\u201eAm constatat c\u0103 at\u00e2t DRDP Timi\u0219oara c\u00e2t \u0219i Sec\u021bia de Drumuri Or\u0219ova sunt vinovate cel pu\u021bin de indolen\u021b\u0103 \u0219i de proast\u0103 gestionare a teritoriulului aflat \u00een administrarea acestora. Potrivit raport\u0103rilor, Sec\u021bia de Drumuri Or\u0219ova de\u021binea parapet pe stoc, care ar fi trebuit \u00eenlocuit \u00een acel sector de drum(&#8230;). \u00cen urma analizei, am cerut directorului CNAIR s\u0103-l demit\u0103 pe directorului DRDP Timi\u0219oara c\u00e2t \u0219i pe \u0219eful sec\u021biei de drumuri Or\u0219ova\u201d, a spus ministrul.<\/p>\n<p>\u201eAm cerut s\u0103 mi se aduc\u0103 la cuno\u0219tin\u021b\u0103 toate zonele care au probleme legate de parape\u021bi, astfel \u00eenc\u00e2t p\u00e2n\u0103 la sf\u00e2r\u0219itul anului s\u0103 le putem rezolva\u201d, a mai spus R\u0103zvan Cuc.<\/p>\n","protected":false},"excerpt":{"rendered":"<p>Directorul de la Regionala de Drumuri Timi\u015foara a fost demis dup\u0103 scandalul uria\u015f privind parapetele de protec\u0163ie de pe malul<\/p>\n","protected":false},"author":1,"featured_media":27683,"comment_status":"closed","ping_status":"closed","sticky":false,"template":"","format":"standard","meta":{"spay_email":"","footnotes":"","jetpack_publicize_message":""},"categories":[54],"tags":[],"class_list":["post-27731","post","type-post","status-publish","format-standard","has-post-thumbnail","hentry","category-informatii-rutiere"],"jetpack_featured_media_url":"https:\/\/i2.wp.com\/realitatearutiera.ro\/wp-content\/uploads\/2017\/10\/trafic-circulatie-vreme-rea-360x224.jpg?fit=360%2C224&ssl=1","jetpack_publicize_connections":[],"jetpack_sharing_enabled":true,"jetpack_shortlink":"https:\/\/wp.me\/p61naM-7dh","jetpack-related-posts":[],"_links":{"self":[{"href":"https:\/\/realitatearutiera.ro\/index.php?rest_route=\/wp\/v2\/posts\/27731","targetHints":{"allow":["GET"]}}],"collection":[{"href":"https:\/\/realitatearutiera.ro\/index.php?rest_route=\/wp\/v2\/posts"}],"about":[{"href":"https:\/\/realitatearutiera.ro\/index.php?rest_route=\/wp\/v2\/types\/post"}],"author":[{"embeddable":true,"href":"https:\/\/realitatearutiera.ro\/index.php?rest_route=\/wp\/v2\/users\/1"}],"replies":[{"embeddable":true,"href":"https:\/\/realitatearutiera.ro\/index.php?rest_route=%2Fwp%2Fv2%2Fcomments&post=27731"}],"version-history":[{"count":1,"href":"https:\/\/realitatearutiera.ro\/index.php?rest_route=\/wp\/v2\/posts\/27731\/revisions"}],"predecessor-version":[{"id":27732,"href":"https:\/\/realitatearutiera.ro\/index.php?rest_route=\/wp\/v2\/posts\/27731\/revisions\/27732"}],"wp:featuredmedia":[{"embeddable":true,"href":"https:\/\/realitatearutiera.ro\/index.php?rest_route=\/wp\/v2\/media\/27683"}],"wp:attachment":[{"href":"https:\/\/realitatearutiera.ro\/index.php?rest_route=%2Fwp%2Fv2%2Fmedia&parent=27731"}],"wp:term":[{"taxonomy":"category","embeddable":true,"href":"https:\/\/realitatearutiera.ro\/index.php?rest_route=%2Fwp%2Fv2%2Fcategories&post=27731"},{"taxonomy":"post_tag","embeddable":true,"href":"https:\/\/realitatearutiera.ro\/index.php?rest_route=%2Fwp%2Fv2%2Ftags&post=27731"}],"curies":[{"name":"wp","href":"https:\/\/api.w.org\/{rel}","templated":true}]}}