{"id":27746,"date":"2017-10-10T15:46:08","date_gmt":"2017-10-10T12:46:08","guid":{"rendered":"http:\/\/realitatearutiera.ro\/?p=27746"},"modified":"2017-10-10T08:13:03","modified_gmt":"2017-10-10T05:13:03","slug":"sarbatoarea-sfintei-parascheva-de-la-iasi-programul-religios-pentru-pelerini","status":"publish","type":"post","link":"https:\/\/realitatearutiera.ro\/?p=27746","title":{"rendered":"S\u0103rb\u0103toarea Sfintei Parascheva de la Ia\u015fi: programul religios pentru pelerini"},"content":{"rendered":"<p>&nbsp;<\/p>\n<p>Mitropolia Moldovei \u015fi Bucovinei a anun\u0163at programul religios pentru s\u0103rb\u0103toarea Sfintei Parascheva de la Ia\u015fi. <strong>Ceremoniile religioase \u00eencep pe 10 octombrie \u015fi se \u00eencheie pe 16 octombrie.<\/strong><\/p>\n<p>Mitropolia Moldovei \u015fi Bucovinei a anun\u0163at luni, 9 octombrie, programul religios conceput pentru s\u0103rb\u0103toarea Sfintei Cuvioase Parascheva de la Ia\u015fi. Cunoscut\u0103 \u015fi ca \u201eOcrotitoarea Moldovei \u015fi Bucovinei\u201d, Sf\u00e2nta Parascheva de la Ia\u015fi este cinstit\u0103 \u00een calendarul ortodox pe 14 octombrie.<\/p>\n<p>\u201e\u00cen fiecare an, s\u0103rb\u0103toarea de pe 14 octombrie este o s\u0103rb\u0103toare a bucuriei duhovnice\u015fti, a credin\u0163ei vii \u015fi m\u0103rturisitoare \u015fi o dovad\u0103 a dragostei poporului rom\u00e2n pentru sfin\u0163ii \u015fi Biserica lui Dumnezeu. Aceast\u0103 zi \u015fi cele premerg\u0103toare marii s\u0103rb\u0103tori ofer\u0103 lec\u0163ii de via\u0163\u0103, prin credin\u0163a, n\u0103dejdea \u015fi r\u0103bdarea mul\u0163imii mari de pelerini, veni\u0163i din toate col\u0163urile \u0163\u0103rii dar \u015fi din afara grani\u0163elor ei, ca s\u0103 o cinsteasc\u0103 pe sf\u00e2nta ocrotitoare a Moldovei\u201d, au precizat reprezenta\u0163ii MMB \u00eentr-un comunicat de pres\u0103. Potrivit acestuia, anul acesta, pelerinii care vor veni s\u0103 se \u00eenchine la moa\u015ftele Sfintei Cuvioase Parascheva se vor putea \u00eenchina \u015fi la moa\u015ftele Sfintei \u00cent\u00e2i Muceni\u0163e \u015fi \u00centocmai cu Apostolii Tecla, aduse de la M\u0103n\u0103stirea Neam\u0163. ___________________________________________________________________________<\/p>\n<p><strong> S\u0103rb\u0103toarea Sfintei Parascheva <\/strong><\/p>\n<p>Program 10-16 octombrie 2017<\/p>\n<p><strong>Mar\u0163i, 10 octombrie 2017:<\/strong><\/p>\n<p>Ora 06.30 \u2013 Procesiune cu moa\u015ftele Sfintei Cuvioase Parascheva \u015fi depunerea lor pe platoul din fa\u0163a C\u0103minului preo\u0163esc \u201eSf\u00e2ntul Mare Mucenic Gheorghe\u201d pentru \u00eenchinare.<\/p>\n<p>Orele 07.00-11.30 \u2013 Sfin\u0163irea apei (aghiazma mic\u0103) \u015fi Sf\u00e2ntul Maslu (pe platoul din fa\u0163a Catedralei Mitropolitane \u015fi sfin\u0163irea la butoaiele cu ap\u0103 l\u00e2ng\u0103 corpul C1), Utrenia \u015fi Sf\u00e2nta Liturghie arhiereasc\u0103 (\u00een Catedrala Mitropolitan\u0103). R\u0103spunsurile la stran\u0103 vor fi date de Corul Byzantion.<\/p>\n<p>Orele 16.00-17.00 \u2013 Paraclisul Sfintei Cuvioase Parascheva (\u00een Catedrala Mitropolitan\u0103). Orele 21.00-01.00 \u2013 Slujba de priveghere a Sf\u00e2ntului Mare Mucenic Gheorghe \u2013 Vecernia, Litia \u015fi Utrenia (\u00een Catedrala Mitropolitan\u0103). R\u0103spunsurile la stran\u0103 vor fi date de Corul Byzantion.<\/p>\n<p><strong>Miercuri, 11 octombrie 2017:<\/strong><\/p>\n<p>Orele 07.00-12.00 \u2013 Miezonoptica, Acatistul Sf\u00e2ntului Mare Mucenic Gheorghe, Ceasurile \u015fi Sf\u00e2nta Liturghie (\u00een Catedrala Mitropolitan\u0103). R\u0103spunsurile la stran\u0103\u00a0 vor fi date de Corul Iosif Naniescu de la Facultatea de la Teologie Ortodox\u0103 \u201eDumitru St\u0103niloae\u201d din Ia\u015fi.<\/p>\n<p>Orele 17.00-18.00 \u2013 Paraclisul Sfintei Cuvioase Parascheva Orele<\/p>\n<p>21.00-01.00 \u2013 Slujba de priveghere a Sf\u00e2ntului Acoper\u0103m\u00e2nt al Maicii Domnului \u2013 Vecernia, Litia \u015fi Utrenia (\u00een Catedrala Mitropolitan\u0103). R\u0103spunsurile la stran\u0103 vor fi date de Corul Chivotul.<\/p>\n<p><strong>Joi, 12 octombrie 2017:<\/strong><\/p>\n<p>Orele 07.00-12.00 \u2013 Miezonoptica, Acatistul Sf\u00e2ntului Mare Mucenic Gheorghe, Ceasurile \u015fi Sf\u00e2nta Liturghie (\u00een Catedrala Mitropolitan\u0103). R\u0103spunsurile la stran\u0103 vor fi date de Corul Chivotul.<\/p>\n<p>Orele 17.00-18.00 \u2013 Paraclisul Sfintei Cuvioase Parascheva<\/p>\n<p>Orele 19.00-20.30 \u2013 Pelerinajul Calea Sfin\u0163ilor \u2013 Procesiune cu moa\u015ftele\u00a0 Sfintei Cuvioase Parascheva \u015fi moa\u015ftele Sfintei Mari Muceni\u0163e Tecla (Se va ie\u015fi pe poarta de l\u00e2ng\u0103 Casa Nicodim \u2013 Strada I. C. Br\u0103tianu \u2013 Strada Cuza Vod\u0103, Strada Armean\u0103 \u2013 Biserica \u201eSf\u00e2ntul Sava cel Sfin\u0163it\u201d \u2013 Strada Costache Negri \u2013 M\u0103n\u0103stirea \u201eSfin\u0163ii Trei Ierarhi\u201d \u2013 Catedrala Mitropolitan\u0103).<\/p>\n<p>Orele 21.00-01.00 \u2013 Slujba de priveghere a Sf\u00e2ntului Apostol Andrei \u2013 Vecernia, Litia \u015fi Utrenia (\u00een Catedrala Mitropolitan\u0103). R\u0103spunsurile la stran\u0103 vor fi date de Corul Basileus.<\/p>\n<p><strong>Vineri, 13 octombrie 2017:<\/strong><\/p>\n<p>Orele 07.00-12.00 \u2013 Miezonoptica, Acatistul Sf\u00e2ntului Apostol Andrei, Ceasurile \u015fi Sf\u00e2nta Liturghie (\u00een Catedrala Mitropolitan\u0103). R\u0103spunsurile la stran\u0103 vor fi date de Corul Apostolii, al preo\u0163ilor din cadrul Protopopiatelor Ia\u015fi 1, Ia\u015fi 2 \u015fi Ia\u015fi<\/p>\n<p>3. Orele 17.00-18.00 \u2013 Paraclisul Sfintei Cuvioase Parascheva (\u00een Catedrala Mitropolitan\u0103)<\/p>\n<p>Ora 19.00 \u2013 Concert Corul Accapela<\/p>\n<p>Orele 21.00-03.00 \u2013 Slujba de priveghere a Sfintei Cuvioase Parascheva combinat\u0103 cu a Sfintei Mari Muceni\u0163e Tecla \u2013 Vecernia, Litia \u015fi Utrenia (\u00een Catedrala Mitropolitan\u0103) \u015fi Sf\u00e2nta Liturghie. R\u0103spunsurile la stran\u0103 vor fi date de Corul Basileus al Seminarului \u201eSf\u00e2ntul Vasile cel Mare\u201d din Ia\u015fi.<\/p>\n<p><strong>S\u00e2mb\u0103t\u0103, 14 octombrie\u00a0 2017:<\/strong><\/p>\n<p>Orele 07.00-09.00 \u2013 Miezonoptica, Acatistul Sfintei Cuvioase Parascheva, Ceasurile \u015fi Slavoslovia Mare (\u00een Catedrala Mitropolitan\u0103). R\u0103spunsurile la stran\u0103 vor fi date de Corul Chivotul.<\/p>\n<p>Orele 09.00-13.00 \u2013 Sf\u00e2nta Liturghie arhiereasc\u0103 (pe podiumul din B-dul \u015etefan cel Mare \u015fi Sf\u00e2nt).\u00a0 R\u0103spunsurile la stran\u0103 vor fi date de Corul Chivotul.<\/p>\n<p>Orele 17.00-18.00 \u2013 Paraclisul Sfintei Cuvioase Parascheva<\/p>\n<p>Orele 21.00-01.00 \u2013 Slujb\u0103 de Priveghere a \u00cenvierii \u2013 Vecernia, Litia \u015fi Utrenia (\u00een Catedrala Mitropolitan\u0103). R\u0103spunsurile la stran\u0103 vor fi date de Corul Chivotul.<\/p>\n<p><strong>Duminic\u0103, 15 octombrie 2017:<\/strong><\/p>\n<p>2017: Orele 07.00-11.30 \u2013 Miezonoptica, Acatistul M\u00e2ntuitorului, Ceasurile \u015fi Sf\u00e2nta Liturghie (\u00een Catedrala Mitropolitan\u0103). R\u0103spunsurile la stran\u0103 vor fi date de Corul Sanctus.<\/p>\n<p>Ora 08.30 \u2013 Sfin\u0163irea picturii Bisericii Parohiei Sf\u00e2ntul Nectarie din Ia\u015fi<\/p>\n<p>Ora 09.00 \u2013 Sf\u00e2nta \u015fi Dumnezeiasca Liturghie (la Biserica Parohiei Sf\u00e2ntul Nectarie din Ia\u015fi)<\/p>\n<p>Orele 17.00-18.00 \u2013 Paraclisul Sfintei Cuvioase Parascheva<\/p>\n<p>Orele 21.00-01.00 \u2013 Slujba de Priveghere a Sfintei Mari Muceni\u0163e Tecla \u2013 Vecernia, Litia \u015fi Utrenia). R\u0103spunsurile la stran\u0103 vor fi date de Corul Chivotul.<\/p>\n<p><strong>Luni, 16 octombrie\u00a0 2017 :<\/strong><\/p>\n<p>Ora 19.00 \u2013 Oratoriul Chem\u0103ri spre m\u00e2ntuire. Pelerini la Sf\u00e2nta Parascheva, \u00eenchinat Sfintei Cuvioase Parascheva \u2013 la Teatrul Na\u0163ional \u201eVasile Alecsandri\u201d din Ia\u015fi<\/p>\n<p>Sursa:ziaruldeia\u015fi<\/p>\n<p>&nbsp;<\/p>\n","protected":false},"excerpt":{"rendered":"<p>&nbsp; Mitropolia Moldovei \u015fi Bucovinei a anun\u0163at programul religios pentru s\u0103rb\u0103toarea Sfintei Parascheva de la Ia\u015fi. Ceremoniile religioase \u00eencep pe<\/p>\n","protected":false},"author":1,"featured_media":27747,"comment_status":"closed","ping_status":"closed","sticky":false,"template":"","format":"standard","meta":{"spay_email":"","footnotes":"","jetpack_publicize_message":""},"categories":[6],"tags":[],"class_list":["post-27746","post","type-post","status-publish","format-standard","has-post-thumbnail","hentry","category-social"],"jetpack_featured_media_url":"https:\/\/i2.wp.com\/realitatearutiera.ro\/wp-content\/uploads\/2017\/10\/mitropolia.jpg?fit=646%2C404&ssl=1","jetpack_publicize_connections":[],"jetpack_sharing_enabled":true,"jetpack_shortlink":"https:\/\/wp.me\/p61naM-7dw","jetpack-related-posts":[],"_links":{"self":[{"href":"https:\/\/realitatearutiera.ro\/index.php?rest_route=\/wp\/v2\/posts\/27746","targetHints":{"allow":["GET"]}}],"collection":[{"href":"https:\/\/realitatearutiera.ro\/index.php?rest_route=\/wp\/v2\/posts"}],"about":[{"href":"https:\/\/realitatearutiera.ro\/index.php?rest_route=\/wp\/v2\/types\/post"}],"author":[{"embeddable":true,"href":"https:\/\/realitatearutiera.ro\/index.php?rest_route=\/wp\/v2\/users\/1"}],"replies":[{"embeddable":true,"href":"https:\/\/realitatearutiera.ro\/index.php?rest_route=%2Fwp%2Fv2%2Fcomments&post=27746"}],"version-history":[{"count":3,"href":"https:\/\/realitatearutiera.ro\/index.php?rest_route=\/wp\/v2\/posts\/27746\/revisions"}],"predecessor-version":[{"id":27750,"href":"https:\/\/realitatearutiera.ro\/index.php?rest_route=\/wp\/v2\/posts\/27746\/revisions\/27750"}],"wp:featuredmedia":[{"embeddable":true,"href":"https:\/\/realitatearutiera.ro\/index.php?rest_route=\/wp\/v2\/media\/27747"}],"wp:attachment":[{"href":"https:\/\/realitatearutiera.ro\/index.php?rest_route=%2Fwp%2Fv2%2Fmedia&parent=27746"}],"wp:term":[{"taxonomy":"category","embeddable":true,"href":"https:\/\/realitatearutiera.ro\/index.php?rest_route=%2Fwp%2Fv2%2Fcategories&post=27746"},{"taxonomy":"post_tag","embeddable":true,"href":"https:\/\/realitatearutiera.ro\/index.php?rest_route=%2Fwp%2Fv2%2Ftags&post=27746"}],"curies":[{"name":"wp","href":"https:\/\/api.w.org\/{rel}","templated":true}]}}