{"id":27770,"date":"2017-10-10T11:17:35","date_gmt":"2017-10-10T08:17:35","guid":{"rendered":"http:\/\/realitatearutiera.ro\/?p=27770"},"modified":"2017-10-10T09:20:28","modified_gmt":"2017-10-10T06:20:28","slug":"ziua-nationala-a-produselor-agroalimentare-romanesti","status":"publish","type":"post","link":"https:\/\/realitatearutiera.ro\/?p=27770","title":{"rendered":"Ziua na\u021bional\u0103 a produselor agroalimentare rom\u00e2ne\u0219ti"},"content":{"rendered":"<p class=\"intro\">Ziua na\u021bional\u0103 a produselor agroalimentare rom\u00e2ne\u0219ti este marcat\u0103, \u00eencep\u00e2nd cu anul 2017, la data de 10 octombrie, fiind instituit\u0103 prin legea 168\/2017.<\/p>\n<div class=\"image-wrapper medium-image mb25\"><img decoding=\"async\" src=\"https:\/\/www.agerpres.ro\/agerpres\/imageResize?path=%2Fmedia%2Fimages%2F2017-10%2F10100404-357366498.jpg&amp;size=6\" \/><\/div>\n<p>Potrivit prezentei legi, Ziua na\u021bional\u0103 a produselor agroalimentare rom\u00e2ne\u0219ti poate fi organizat\u0103 de c\u0103tre autorit\u0103\u021bile publice centrale \u0219i locale \u0219i de celelalte institu\u021bii ale statului, de c\u0103tre societatea civil\u0103 \u0219i de c\u0103tre persoane fizice \u0219i juridice. Se pot organiza programe \u0219i manifest\u0103ri educative, de voluntariat, cu caracter social sau \u0219tiin\u021bific, consacrate promov\u0103rii produselor agroalimentare rom\u00e2ne\u0219ti \u0219i c\u00e2\u0219tig\u0103rii \u00eencrederii consumatorului. Totodat\u0103, \u00een vederea organiz\u0103rii \u0219i derul\u0103rii \u00een bune condi\u021bii a manifest\u0103rilor mai sus men\u021bionate, autorit\u0103\u021bile administra\u021biei centrale \u0219i locale pot acorda sprijin logistic \u0219i pot aloca fonduri prin bugetele proprii, \u00een limita aloca\u021biilor bugetare aprobate.<\/p>\n<p>Articolul 2 al legii men\u021bioneaz\u0103 c\u0103, \u00een sensul prezentei legi, &#8221;prin produs agroalimentar rom\u00e2nesc se \u00een\u021belege produsul ob\u021binut pe teritoriul na\u021bional din materii prime de baz\u0103 provenite \u00een propor\u021bie de 100% din fermele din Rom\u00e2nia \u0219i are inscrip\u021bionat pe etichet\u0103 drapelul Rom\u00e2niei&#8221;.<\/p>\n<p>Proiectul legislativ a fost ini\u021biat de un grup de parlamentari PSD \u0219i ALDE, potrivit c\u0103rora, prin instituirea acestei zile se dore\u0219te \u00eencurajarea produc\u021biei agricole na\u021bionale pentru consumatorii rom\u00e2ni, precum \u0219i pentru cei ce de\u021bin spa\u021bii de v\u00e2nzare (comercian\u021bi), produc\u0103torul urm\u00e2nd s\u0103 prezinte, cu prilejul acestei zile, produse autohtone de calitate. De asemenea, se dore\u0219te \u00eembun\u0103t\u0103\u021birea statutului produc\u0103torului rom\u00e2n \u00een lan\u021bul alimentar scurt \u0219i \u00eencurajarea consumului de produse agroalimentare autohtone \u0219i de produse tradi\u021bionale.<\/p>\n<p>Propunerea legislativ\u0103 a fost adoptat\u0103 de Senat la 2 mai 2017, \u00een calitate de prim\u0103 Camer\u0103 sesizat\u0103, \u0219i de Camera Deputa\u021bilor la 13 iunie 2017, aceasta av\u00e2nd rol decizional. Pre\u0219edintele Klaus Iohannis a semnat, la 11 iulie 2017, decretul pentru promulgarea Legii privind instituirea datei de 10 octombrie ca Zi na\u021bional\u0103 a produselor agroalimentare rom\u00e2ne\u0219ti, Legea 168\/2017 fiind publicat\u0103 \u00een Monitorul Oficial la 13 iulie 2017.<\/p>\n<p>Sursa:agerpres.ro<\/p>\n","protected":false},"excerpt":{"rendered":"<p>Ziua na\u021bional\u0103 a produselor agroalimentare rom\u00e2ne\u0219ti este marcat\u0103, \u00eencep\u00e2nd cu anul 2017, la data de 10 octombrie, fiind instituit\u0103 prin<\/p>\n","protected":false},"author":1,"featured_media":27771,"comment_status":"closed","ping_status":"closed","sticky":false,"template":"","format":"standard","meta":{"spay_email":"","footnotes":"","jetpack_publicize_message":""},"categories":[6],"tags":[],"class_list":["post-27770","post","type-post","status-publish","format-standard","has-post-thumbnail","hentry","category-social"],"jetpack_featured_media_url":"https:\/\/i0.wp.com\/realitatearutiera.ro\/wp-content\/uploads\/2017\/10\/ziua-300x178.jpg?fit=300%2C178&ssl=1","jetpack_publicize_connections":[],"jetpack_sharing_enabled":true,"jetpack_shortlink":"https:\/\/wp.me\/p61naM-7dU","jetpack-related-posts":[],"_links":{"self":[{"href":"https:\/\/realitatearutiera.ro\/index.php?rest_route=\/wp\/v2\/posts\/27770","targetHints":{"allow":["GET"]}}],"collection":[{"href":"https:\/\/realitatearutiera.ro\/index.php?rest_route=\/wp\/v2\/posts"}],"about":[{"href":"https:\/\/realitatearutiera.ro\/index.php?rest_route=\/wp\/v2\/types\/post"}],"author":[{"embeddable":true,"href":"https:\/\/realitatearutiera.ro\/index.php?rest_route=\/wp\/v2\/users\/1"}],"replies":[{"embeddable":true,"href":"https:\/\/realitatearutiera.ro\/index.php?rest_route=%2Fwp%2Fv2%2Fcomments&post=27770"}],"version-history":[{"count":1,"href":"https:\/\/realitatearutiera.ro\/index.php?rest_route=\/wp\/v2\/posts\/27770\/revisions"}],"predecessor-version":[{"id":27772,"href":"https:\/\/realitatearutiera.ro\/index.php?rest_route=\/wp\/v2\/posts\/27770\/revisions\/27772"}],"wp:featuredmedia":[{"embeddable":true,"href":"https:\/\/realitatearutiera.ro\/index.php?rest_route=\/wp\/v2\/media\/27771"}],"wp:attachment":[{"href":"https:\/\/realitatearutiera.ro\/index.php?rest_route=%2Fwp%2Fv2%2Fmedia&parent=27770"}],"wp:term":[{"taxonomy":"category","embeddable":true,"href":"https:\/\/realitatearutiera.ro\/index.php?rest_route=%2Fwp%2Fv2%2Fcategories&post=27770"},{"taxonomy":"post_tag","embeddable":true,"href":"https:\/\/realitatearutiera.ro\/index.php?rest_route=%2Fwp%2Fv2%2Ftags&post=27770"}],"curies":[{"name":"wp","href":"https:\/\/api.w.org\/{rel}","templated":true}]}}